{"id":1,"date":"2021-05-27T19:34:16","date_gmt":"2021-05-27T19:34:16","guid":{"rendered":"http:\/\/capacitacaoeggp.vr.uff.br\/?p=1"},"modified":"2021-10-07T15:23:56","modified_gmt":"2021-10-07T18:23:56","slug":"hello-world","status":"publish","type":"post","link":"https:\/\/capacitacaoeggp.vr.uff.br\/?p=1","title":{"rendered":"Inscri\u00e7\u00f5es PQUFF &#8211; At\u00e9 15\/10"},"content":{"rendered":"\n<p>Aten\u00e7\u00e3o! As inscri\u00e7\u00f5es para o Programa de Aux\u00edlio-Qualifica\u00e7\u00e3o encerrar\u00e3o no dia 15\/10!<\/p>\n","protected":false},"excerpt":{"rendered":"<p>Aten\u00e7\u00e3o! As inscri\u00e7\u00f5es para o Programa de Aux\u00edlio-Qualifica\u00e7\u00e3o encerrar\u00e3o no dia 15\/10!<\/p>\n","protected":false},"author":1,"featured_media":0,"comment_status":"open","ping_status":"open","sticky":false,"template":"","format":"standard","meta":{"_editorskit_title_hidden":false,"_editorskit_reading_time":1,"_editorskit_is_block_options_detached":false,"_editorskit_block_options_position":"{}","_monsterinsights_skip_tracking":false,"_monsterinsights_sitenote_active":false,"_monsterinsights_sitenote_note":"","_monsterinsights_sitenote_category":0},"categories":[1],"tags":[],"gutentor_comment":2,"_links":{"self":[{"href":"https:\/\/capacitacaoeggp.vr.uff.br\/index.php?rest_route=\/wp\/v2\/posts\/1"}],"collection":[{"href":"https:\/\/capacitacaoeggp.vr.uff.br\/index.php?rest_route=\/wp\/v2\/posts"}],"about":[{"href":"https:\/\/capacitacaoeggp.vr.uff.br\/index.php?rest_route=\/wp\/v2\/types\/post"}],"author":[{"embeddable":true,"href":"https:\/\/capacitacaoeggp.vr.uff.br\/index.php?rest_route=\/wp\/v2\/users\/1"}],"replies":[{"embeddable":true,"href":"https:\/\/capacitacaoeggp.vr.uff.br\/index.php?rest_route=%2Fwp%2Fv2%2Fcomments&post=1"}],"version-history":[{"count":2,"href":"https:\/\/capacitacaoeggp.vr.uff.br\/index.php?rest_route=\/wp\/v2\/posts\/1\/revisions"}],"predecessor-version":[{"id":841,"href":"https:\/\/capacitacaoeggp.vr.uff.br\/index.php?rest_route=\/wp\/v2\/posts\/1\/revisions\/841"}],"wp:attachment":[{"href":"https:\/\/capacitacaoeggp.vr.uff.br\/index.php?rest_route=%2Fwp%2Fv2%2Fmedia&parent=1"}],"wp:term":[{"taxonomy":"category","embeddable":true,"href":"https:\/\/capacitacaoeggp.vr.uff.br\/index.php?rest_route=%2Fwp%2Fv2%2Fcategories&post=1"},{"taxonomy":"post_tag","embeddable":true,"href":"https:\/\/capacitacaoeggp.vr.uff.br\/index.php?rest_route=%2Fwp%2Fv2%2Ftags&post=1"}],"curies":[{"name":"wp","href":"https:\/\/api.w.org\/{rel}","templated":true}]}}