{"id":1157,"date":"2022-01-31T11:01:29","date_gmt":"2022-01-31T14:01:29","guid":{"rendered":"https:\/\/capacitacaoeggp.vr.uff.br\/?p=1157"},"modified":"2022-03-21T15:19:41","modified_gmt":"2022-03-21T18:19:41","slug":"programas-de-pos-graduacao-mestrado-e-doutorado-com-vagas-reservadas-para-servidores-da-uff-confira-os-editais-abertos","status":"publish","type":"post","link":"https:\/\/capacitacaoeggp.vr.uff.br\/?p=1157","title":{"rendered":"Programas de p\u00f3s-gradua\u00e7\u00e3o (mestrado e doutorado) com vagas reservadas para servidores da UFF: Confira os editais abertos!"},"content":{"rendered":"\n<p style=\"font-size:10px\"><\/p>\n\n\n\n<p>Est\u00e3o abertos editais para Programas de P\u00f3s-Gradua\u00e7\u00e3o com vagas reservadas para servidores da UFF! Confira quais s\u00e3o e seus respectivos prazos:<\/p>\n\n\n\n<p><\/p>\n\n\n\n<p><strong>&#8211; Mestrado Profissional em Engenharia de Produ\u00e7\u00e3o e Sistemas Computacionais:<\/strong><br>1 vaga reservada para mestrado<br>Inscri\u00e7\u00f5es at\u00e9 09\/02 &#8211; acesse o edital&nbsp;<a href=\"https:\/\/www.uff.br\/sites\/default\/files\/informes\/edital_-_mestrado_profissional_em_engenharia_de_producao_e_sistemas_computacionais.pdf\">aqui<\/a><\/p>\n\n\n\n<p><strong>&#8211; Programa de P\u00f3s-Gradua\u00e7\u00e3o em Qu\u00edmica:<\/strong><br>5 vagas reservadas para mestrado e 5 vagas reservadas para doutorado<br>Inscri\u00e7\u00f5es at\u00e9 11\/02 &#8211; acesse o edital&nbsp;<a href=\"https:\/\/www.uff.br\/sites\/default\/files\/informes\/edital_-_ppg_em_quimica.pdf\">aqui<\/a><\/p>\n\n\n\n<p><strong>&#8211; Programa de P\u00f3s-Gradua\u00e7\u00e3o em Ci\u00eancias Aplicadas a Produtos para Sa\u00fade:<\/strong><br>2 vagas reservadas para mestrado e 2 vagas reservadas para doutorado<br>Inscri\u00e7\u00f5es at\u00e9 13\/02 &#8211; acesse o edital&nbsp;<a href=\"https:\/\/www.uff.br\/sites\/default\/files\/informes\/edital_-_ppg_em_ciencias_aplicadas_a_produtos_para_saude.pdf\">aqui<\/a><\/p>\n\n\n\n<p><strong>&#8211;&nbsp;<\/strong><strong>Programa de P\u00f3s-Gradua\u00e7\u00e3o em Estudos Estrat\u00e9gicos da Defesa e da Seguran\u00e7a<\/strong><br>1 vaga reservada para mestrado<br>Inscri\u00e7\u00f5es at\u00e9 14\/02 &#8211; acesse o edital&nbsp;<a href=\"https:\/\/www.uff.br\/sites\/default\/files\/informes\/edital-mestrado-pqi-ppgest-uff-2022.pdf\">aqui<\/a><\/p>\n\n\n\n<p><strong>&#8211; Mestrado Profissional em Montagem Industrial:<\/strong><br>1 vaga reservada para mestrado<br>Inscri\u00e7\u00f5es at\u00e9 18\/02 &#8211; acesse o edital&nbsp;<a href=\"https:\/\/www.uff.br\/sites\/default\/files\/informes\/edital_-_mestrado_profissional_em_montagem_industrial.pdf\">aqui<\/a><\/p>\n\n\n\n<p><strong>&#8211; Programa de P\u00f3s-gradua\u00e7\u00e3o em Administra\u00e7\u00e3o e Gest\u00e3o da Assist\u00eancia Farmac\u00eautica:<\/strong><br>1 vaga reservada para mestrado<br>Inscri\u00e7\u00f5es at\u00e9 25\/02 &#8211; acesse o edital&nbsp;<a href=\"https:\/\/www.uff.br\/sites\/default\/files\/informes\/edital_-_ppg_em_administracao_e_gestao_da_assistencia_farmaceutica.pdf\">aqui<\/a><\/p>\n\n\n\n<p><strong>&#8211; Mestrado Profissional em Administra\u00e7\u00e3o P\u00fablica &#8211; PROFIAP\/UFF<\/strong><br>10 vagas reservadas para mestrado<br>Inscri\u00e7\u00f5es at\u00e9 04\/03 &#8211; acesse o edital&nbsp;<a href=\"https:\/\/www.uff.br\/sites\/default\/files\/informes\/edital_-_mestrado_profissional_em_administracao_publica_profiap.pdf\">aqui<\/a><\/p>\n\n\n\n<p><\/p>\n\n\n\n<p>Os interessados devem se inscrever previamente pela EGGP\/Progepe e aguardar o retorno da equipe para ent\u00e3o prosseguir com a inscri\u00e7\u00e3o no processo seletivo.<br>Acesse o formul\u00e1rio&nbsp;<a href=\"https:\/\/docs.google.com\/forms\/d\/e\/1FAIpQLSfNJKwozlcJmTuJtp7i1BMgA7n4nQkiwmjOzca85qdyeeJu2w\/viewform\">neste link.<\/a><\/p>\n\n\n\n<p>Aproveite essa oportunidade de se qualificar, servidor! Saiba mais sobre os procedimentos e prazos de inscri\u00e7\u00e3o, datas de in\u00edcio e demais informa\u00e7\u00f5es sobre cada um dos cursos nos editais em anexo.<\/p>\n","protected":false},"excerpt":{"rendered":"<p>Est\u00e3o abertos editais para Programas de P\u00f3s-Gradua\u00e7\u00e3o com vagas reservadas para servidores da UFF! Confira quais s\u00e3o e seus respectivos prazos: &#8211; Mestrado Profissional em Engenharia de Produ\u00e7\u00e3o e Sistemas Computacionais:1 vaga reservada para mestradoInscri\u00e7\u00f5es at\u00e9 09\/02 &#8211; acesse o edital&nbsp;aqui &#8211; Programa de P\u00f3s-Gradua\u00e7\u00e3o em Qu\u00edmica:5 vagas reservadas para mestrado e 5 vagas reservadas&hellip;<\/p>\n","protected":false},"author":6,"featured_media":0,"comment_status":"open","ping_status":"open","sticky":false,"template":"","format":"standard","meta":{"_editorskit_title_hidden":false,"_editorskit_reading_time":1,"_editorskit_is_block_options_detached":false,"_editorskit_block_options_position":"{}","_monsterinsights_skip_tracking":false,"_monsterinsights_sitenote_active":false,"_monsterinsights_sitenote_note":"","_monsterinsights_sitenote_category":0},"categories":[1],"tags":[],"gutentor_comment":0,"_links":{"self":[{"href":"https:\/\/capacitacaoeggp.vr.uff.br\/index.php?rest_route=\/wp\/v2\/posts\/1157"}],"collection":[{"href":"https:\/\/capacitacaoeggp.vr.uff.br\/index.php?rest_route=\/wp\/v2\/posts"}],"about":[{"href":"https:\/\/capacitacaoeggp.vr.uff.br\/index.php?rest_route=\/wp\/v2\/types\/post"}],"author":[{"embeddable":true,"href":"https:\/\/capacitacaoeggp.vr.uff.br\/index.php?rest_route=\/wp\/v2\/users\/6"}],"replies":[{"embeddable":true,"href":"https:\/\/capacitacaoeggp.vr.uff.br\/index.php?rest_route=%2Fwp%2Fv2%2Fcomments&post=1157"}],"version-history":[{"count":9,"href":"https:\/\/capacitacaoeggp.vr.uff.br\/index.php?rest_route=\/wp\/v2\/posts\/1157\/revisions"}],"predecessor-version":[{"id":1303,"href":"https:\/\/capacitacaoeggp.vr.uff.br\/index.php?rest_route=\/wp\/v2\/posts\/1157\/revisions\/1303"}],"wp:attachment":[{"href":"https:\/\/capacitacaoeggp.vr.uff.br\/index.php?rest_route=%2Fwp%2Fv2%2Fmedia&parent=1157"}],"wp:term":[{"taxonomy":"category","embeddable":true,"href":"https:\/\/capacitacaoeggp.vr.uff.br\/index.php?rest_route=%2Fwp%2Fv2%2Fcategories&post=1157"},{"taxonomy":"post_tag","embeddable":true,"href":"https:\/\/capacitacaoeggp.vr.uff.br\/index.php?rest_route=%2Fwp%2Fv2%2Ftags&post=1157"}],"curies":[{"name":"wp","href":"https:\/\/api.w.org\/{rel}","templated":true}]}}