{"id":1341,"date":"2022-04-08T16:10:33","date_gmt":"2022-04-08T19:10:33","guid":{"rendered":"https:\/\/capacitacaoeggp.vr.uff.br\/?p=1341"},"modified":"2022-04-08T16:11:37","modified_gmt":"2022-04-08T19:11:37","slug":"novos-editais-cursos-de-pos-graduacao-na-uff-com-reserva-de-vagas-e-gratuidades-para-servidores","status":"publish","type":"post","link":"https:\/\/capacitacaoeggp.vr.uff.br\/?p=1341","title":{"rendered":"Novos editais: cursos de p\u00f3s-gradua\u00e7\u00e3o na UFF com reserva de vagas e gratuidades para servidores"},"content":{"rendered":"\n<p>Novos editais abertos para cursos de p\u00f3s-gradua\u00e7\u00e3o na UFF com reserva de vagas e gratuidades para servidores!<\/p>\n\n\n\n<p>S\u00e3o duas modalidades contempladas:<\/p>\n\n\n\n<ul><li>Cursos pagos de especializa\u00e7\u00e3o ou MBA (lato sensu), que oferecem 10% de vagas com gratuidade para os servidores da UFF<\/li><li>Cursos de Mestrado e Doutorado (stricto sensu) com reserva de vagas via Programa de Qualifica\u00e7\u00e3o Institucional &#8211; PQI UFF<\/li><\/ul>\n\n\n\n<p>No caso dos cursos pagos com gratuidade, como o Mestrado Profissional em Sistemas de Gest\u00e3o, o servidor dever\u00e1 se inscrever junto \u00e0 coordena\u00e7\u00e3o do curso desejado, conforme os procedimentos previstos no respectivo edital e, paralelamente, solicitar (via SEI) sua participa\u00e7\u00e3o na concorr\u00eancia ao percentual da gratuidade. O processo dever\u00e1 conter o formul\u00e1rio pr\u00f3prio, devidamente preenchido, com todas as assinaturas, e uma c\u00f3pia do edital.&nbsp;<a href=\"https:\/\/www.uff.br\/?q=processo\/isencao-de-taxa-e-gratuidade-em-cursos-de-pos-graduacao-pagos-na-uff\">Clique aqui<\/a>&nbsp;para acessar o passo a passo do processo de isen\u00e7\u00e3o de taxa e gratuidade.<\/p>\n\n\n\n<p>Confira abaixo a rela\u00e7\u00e3o de cursos e acesse a<strong>&nbsp;<a href=\"https:\/\/www.uff.br\/sites\/default\/files\/informes\/novos_editais_-_cursos_de_pos-graduacao_com_reserva_de_vagas_para_servidores_da_uff.pdf\" class=\"ek-link\">planilha em anexo<\/a><\/strong>&nbsp;para obter informa\u00e7\u00f5es como prazos de inscri\u00e7\u00e3o, links dos editais e tipos de ofertas dispon\u00edveis:<\/p>\n\n\n\n<p>Lato Sensu (Especializa\u00e7\u00e3o e MBA)<\/p>\n\n\n\n<ul><li>MBA Gerenciamento de Projetos<\/li><li>MBA em Gest\u00e3o e Marketing<\/li><li>MBA em Economia Empresarial<\/li><li>MBA em Ci\u00eancia Dos Dados \u2013 \u00canfase na Previd\u00eancia Complementar<\/li><li>MBA em Ci\u00eancia Dos Dados \u2013 \u00canfase na Forma\u00e7\u00e3o do Cientista de Dados<\/li><li>MBA em Gest\u00e3o Empresarial Estrat\u00e9gica \u2013 \u00canfase em Gest\u00e3o da Sa\u00fade<\/li><li>MBA em Gest\u00e3o Empresarial Estrat\u00e9gica \u2013 \u00canfase em Gest\u00e3o da Tecnologia De Informa\u00e7\u00e3o<\/li><li>MBA em Finan\u00e7as Corporativas e Mercado De Capitais<\/li><\/ul>\n\n\n\n<p>Stricto Sensu (Mestrado e Doutorado)<\/p>\n\n\n\n<ul><li>Mestrado Profissional em Administra\u00e7\u00e3o &#8211; MPA<\/li><li>Mestrado Acad\u00eamico em Sa\u00fade Coletiva<\/li><li>Mestrado Profissional em Enfermagem Assistencial<\/li><li>Mestrado Profissional em Sistemas de Gest\u00e3o<\/li><li>Mestrado Acad\u00eamico em Pol\u00edtica Social<\/li><li>Doutorado Acad\u00eamico em Pol\u00edtica Social<\/li><li>Mestrado em Ci\u00eancias Aplicadas a Produtos para Sa\u00fade \u2013 2022<\/li><li>Doutorado em Ci\u00eancias Aplicadas a Produtos para Sa\u00fade \u2013 2022<\/li><li>Mestrado em Microbiologia e Parasitologia Aplicadas (PPGMPA)<\/li><\/ul>\n\n\n\n<p>Em caso de d\u00favidas, entre em contato pelo e-mail:&nbsp;<a href=\"mailto:sant.dda.eggp@id.uff.br\">sant.dda.eggp@id.uff.br<\/a>.<\/p>\n\n\n\n<div class=\"wp-block-file\"><a id=\"wp-block-file--media-7c5cf971-d6cd-49fa-948d-f9b997049960\" href=\"https:\/\/capacitacaoeggp.vr.uff.br\/wp-content\/uploads\/2022\/04\/novos_editais_-_cursos_de_pos-graduacao_com_reserva_de_vagas_para_servidores_da_uff.pdf\" target=\"_blank\" rel=\"noreferrer noopener\">novos_editais_-_cursos_de_pos-graduacao_com_reserva_de_vagas_para_servidores_da_uff<\/a><a href=\"https:\/\/capacitacaoeggp.vr.uff.br\/wp-content\/uploads\/2022\/04\/novos_editais_-_cursos_de_pos-graduacao_com_reserva_de_vagas_para_servidores_da_uff.pdf\" class=\"wp-block-file__button\" download aria-describedby=\"wp-block-file--media-7c5cf971-d6cd-49fa-948d-f9b997049960\">Baixar<\/a><\/div>\n","protected":false},"excerpt":{"rendered":"<p>Novos editais abertos para cursos de p\u00f3s-gradua\u00e7\u00e3o na UFF com reserva de vagas e gratuidades para servidores! S\u00e3o duas modalidades contempladas: Cursos pagos de especializa\u00e7\u00e3o ou MBA (lato sensu), que oferecem 10% de vagas com gratuidade para os servidores da UFF Cursos de Mestrado e Doutorado (stricto sensu) com reserva de vagas via Programa de&hellip;<\/p>\n","protected":false},"author":6,"featured_media":0,"comment_status":"open","ping_status":"open","sticky":false,"template":"","format":"standard","meta":{"_editorskit_title_hidden":false,"_editorskit_reading_time":1,"_editorskit_is_block_options_detached":false,"_editorskit_block_options_position":"{}","_monsterinsights_skip_tracking":false,"_monsterinsights_sitenote_active":false,"_monsterinsights_sitenote_note":"","_monsterinsights_sitenote_category":0},"categories":[1],"tags":[],"gutentor_comment":0,"_links":{"self":[{"href":"https:\/\/capacitacaoeggp.vr.uff.br\/index.php?rest_route=\/wp\/v2\/posts\/1341"}],"collection":[{"href":"https:\/\/capacitacaoeggp.vr.uff.br\/index.php?rest_route=\/wp\/v2\/posts"}],"about":[{"href":"https:\/\/capacitacaoeggp.vr.uff.br\/index.php?rest_route=\/wp\/v2\/types\/post"}],"author":[{"embeddable":true,"href":"https:\/\/capacitacaoeggp.vr.uff.br\/index.php?rest_route=\/wp\/v2\/users\/6"}],"replies":[{"embeddable":true,"href":"https:\/\/capacitacaoeggp.vr.uff.br\/index.php?rest_route=%2Fwp%2Fv2%2Fcomments&post=1341"}],"version-history":[{"count":2,"href":"https:\/\/capacitacaoeggp.vr.uff.br\/index.php?rest_route=\/wp\/v2\/posts\/1341\/revisions"}],"predecessor-version":[{"id":1344,"href":"https:\/\/capacitacaoeggp.vr.uff.br\/index.php?rest_route=\/wp\/v2\/posts\/1341\/revisions\/1344"}],"wp:attachment":[{"href":"https:\/\/capacitacaoeggp.vr.uff.br\/index.php?rest_route=%2Fwp%2Fv2%2Fmedia&parent=1341"}],"wp:term":[{"taxonomy":"category","embeddable":true,"href":"https:\/\/capacitacaoeggp.vr.uff.br\/index.php?rest_route=%2Fwp%2Fv2%2Fcategories&post=1341"},{"taxonomy":"post_tag","embeddable":true,"href":"https:\/\/capacitacaoeggp.vr.uff.br\/index.php?rest_route=%2Fwp%2Fv2%2Ftags&post=1341"}],"curies":[{"name":"wp","href":"https:\/\/api.w.org\/{rel}","templated":true}]}}