{"id":1463,"date":"2022-05-25T08:21:06","date_gmt":"2022-05-25T11:21:06","guid":{"rendered":"https:\/\/capacitacaoeggp.vr.uff.br\/?p=1463"},"modified":"2022-05-25T08:21:41","modified_gmt":"2022-05-25T11:21:41","slug":"atualizacoes-e-novos-editais-cursos-de-pos-graduacao-na-uff-com-reserva-de-vagas-e-gratuidades-para-servidores","status":"publish","type":"post","link":"https:\/\/capacitacaoeggp.vr.uff.br\/?p=1463","title":{"rendered":"Atualiza\u00e7\u00f5es e novos editais: cursos de p\u00f3s-gradua\u00e7\u00e3o na UFF com reserva de vagas e gratuidades para servidores"},"content":{"rendered":"\n<p>Novos editais abertos para cursos de p\u00f3s-gradua\u00e7\u00e3o na UFF com reserva de vagas e gratuidades para servidores! S\u00e3o duas modalidades contempladas:<\/p>\n\n\n\n<p><strong>&#8211; Cursos pagos de especializa\u00e7\u00e3o ou MBA (lato sensu), que oferecem 10% de vagas com gratuidade para os servidores da UFF<\/strong><\/p>\n\n\n\n<p><strong>&#8211;&nbsp;<\/strong><strong>Cursos de Mestrado e Doutorado (stricto sensu) com reserva de vagas via Programa de Qualifica\u00e7\u00e3o Institucional &#8211; PQI UFF<\/strong><\/p>\n\n\n\n<p>No caso dos cursos pagos com gratuidade, o servidor dever\u00e1 se inscrever junto \u00e0 coordena\u00e7\u00e3o do curso desejado, conforme os procedimentos previstos no respectivo edital e, paralelamente, solicitar (via SEI) sua participa\u00e7\u00e3o na concorr\u00eancia ao percentual da gratuidade.<br>O processo dever\u00e1 conter o formul\u00e1rio pr\u00f3prio, devidamente preenchido, com todas as assinaturas, e uma c\u00f3pia do edital.&nbsp;<a href=\"https:\/\/www.uff.br\/?q=processo\/isencao-de-taxa-e-gratuidade-em-cursos-de-pos-graduacao-pagos-na-uff\">Clique aqui<\/a>&nbsp;para acessar o passo a passo do processo de isen\u00e7\u00e3o de taxa e gratuidade.<\/p>\n\n\n\n<p>Confira abaixo a rela\u00e7\u00e3o de cursos e acesse a&nbsp;<a href=\"https:\/\/www.uff.br\/sites\/default\/files\/informes\/cursos_de_pos-graduacao_com_reserva_de_vagas_e_gratuidades_para_servidores_da_uff.pdf\"><strong>planilha em anexo<\/strong><\/a>&nbsp;para obter informa\u00e7\u00f5es como prazos de inscri\u00e7\u00e3o, links dos editais e tipos de ofertas dispon\u00edveis:<\/p>\n\n\n\n<p><em><strong>Lato Sensu (Especializa\u00e7\u00e3o e MBA)<\/strong><\/em><\/p>\n\n\n\n<ul><li>MBA Gerenciamento de Projetos<\/li><li>MBA em Ci\u00eancia Dos Dados \u2013 \u00canfase na Previd\u00eancia Complementar<\/li><li>MBA em Ci\u00eancia Dos Dados \u2013 \u00canfase na Forma\u00e7\u00e3o do Cientista de Dados<\/li><li>MBA em Gest\u00e3o Empresarial Estrat\u00e9gica \u2013 \u00canfase em Gest\u00e3o da Sa\u00fade<\/li><li>MBA em Gest\u00e3o Empresarial Estrat\u00e9gica \u2013 \u00canfase em Gest\u00e3o da Tecnologia De Informa\u00e7\u00e3o<\/li><li>MBA em Finan\u00e7as Corporativas e Mercado De Capitais<\/li><li>MBA em Marketing Empresarial<\/li><li>MBA Executivo em Gest\u00e3o Empreendedora<\/li><\/ul>\n\n\n\n<p><em><strong>Stricto Sensu (Mestrado e Doutorado)<\/strong><\/em><\/p>\n\n\n\n<ul><li>Mestrado Profissional em Sistemas de Gest\u00e3o<\/li><li>Mestrado Acad\u00eamico em Pol\u00edtica Social<\/li><li>Doutorado Acad\u00eamico em Pol\u00edtica Social<\/li><li>Mestrado em Ci\u00eancias Aplicadas a Produtos para Sa\u00fade<\/li><li>Doutorado em Ci\u00eancias Aplicadas a Produtos para Sa\u00fade<\/li><li>Mestrado em Desenvolvimento regional, ambiente e pol\u00edticas p\u00fablicas &#8211; PPGDAP<\/li><li>Doutorado em Antropologia &#8211; PPGA\/UFF<\/li><\/ul>\n\n\n\n<p>Em caso de d\u00favidas, entre em contato pelo e-mail:&nbsp;<a href=\"mailto:sant.dda.eggp@id.uff.br\">sant.dda.eggp@id.uff.br<\/a><\/p>\n","protected":false},"excerpt":{"rendered":"<p>Novos editais abertos para cursos de p\u00f3s-gradua\u00e7\u00e3o na UFF com reserva de vagas e gratuidades para servidores! S\u00e3o duas modalidades contempladas: &#8211; Cursos pagos de especializa\u00e7\u00e3o ou MBA (lato sensu), que oferecem 10% de vagas com gratuidade para os servidores da UFF &#8211;&nbsp;Cursos de Mestrado e Doutorado (stricto sensu) com reserva de vagas via Programa&hellip;<\/p>\n","protected":false},"author":6,"featured_media":0,"comment_status":"open","ping_status":"open","sticky":false,"template":"","format":"standard","meta":{"_editorskit_title_hidden":false,"_editorskit_reading_time":1,"_editorskit_is_block_options_detached":false,"_editorskit_block_options_position":"{}","_monsterinsights_skip_tracking":false,"_monsterinsights_sitenote_active":false,"_monsterinsights_sitenote_note":"","_monsterinsights_sitenote_category":0},"categories":[1],"tags":[],"gutentor_comment":0,"_links":{"self":[{"href":"https:\/\/capacitacaoeggp.vr.uff.br\/index.php?rest_route=\/wp\/v2\/posts\/1463"}],"collection":[{"href":"https:\/\/capacitacaoeggp.vr.uff.br\/index.php?rest_route=\/wp\/v2\/posts"}],"about":[{"href":"https:\/\/capacitacaoeggp.vr.uff.br\/index.php?rest_route=\/wp\/v2\/types\/post"}],"author":[{"embeddable":true,"href":"https:\/\/capacitacaoeggp.vr.uff.br\/index.php?rest_route=\/wp\/v2\/users\/6"}],"replies":[{"embeddable":true,"href":"https:\/\/capacitacaoeggp.vr.uff.br\/index.php?rest_route=%2Fwp%2Fv2%2Fcomments&post=1463"}],"version-history":[{"count":1,"href":"https:\/\/capacitacaoeggp.vr.uff.br\/index.php?rest_route=\/wp\/v2\/posts\/1463\/revisions"}],"predecessor-version":[{"id":1464,"href":"https:\/\/capacitacaoeggp.vr.uff.br\/index.php?rest_route=\/wp\/v2\/posts\/1463\/revisions\/1464"}],"wp:attachment":[{"href":"https:\/\/capacitacaoeggp.vr.uff.br\/index.php?rest_route=%2Fwp%2Fv2%2Fmedia&parent=1463"}],"wp:term":[{"taxonomy":"category","embeddable":true,"href":"https:\/\/capacitacaoeggp.vr.uff.br\/index.php?rest_route=%2Fwp%2Fv2%2Fcategories&post=1463"},{"taxonomy":"post_tag","embeddable":true,"href":"https:\/\/capacitacaoeggp.vr.uff.br\/index.php?rest_route=%2Fwp%2Fv2%2Ftags&post=1463"}],"curies":[{"name":"wp","href":"https:\/\/api.w.org\/{rel}","templated":true}]}}