{"id":1538,"date":"2022-07-11T09:36:26","date_gmt":"2022-07-11T12:36:26","guid":{"rendered":"https:\/\/capacitacaoeggp.vr.uff.br\/?p=1538"},"modified":"2022-07-11T09:40:45","modified_gmt":"2022-07-11T12:40:45","slug":"inscricoes-abertas-para-o-curso-gestao-de-riscos-e-da-integridade-no-setor-publico","status":"publish","type":"post","link":"https:\/\/capacitacaoeggp.vr.uff.br\/?p=1538","title":{"rendered":"Curso Gest\u00e3o de Riscos e da Integridade no Setor P\u00fablico: Inscri\u00e7\u00f5es abertas!"},"content":{"rendered":"\n<p>A EGGP \/ PROGEPE abre inscri\u00e7\u00f5es para o curso <strong>Gest\u00e3o de Riscos e da Integridade no Setor P\u00fablico<\/strong> que ser\u00e1 ofertado de 01 a 26\/08\/22 na modalidade remota.&nbsp;<\/p>\n\n\n\n<p>Ser\u00e3o disponibilizadas at\u00e9 30 vagas para servidores em efetivo exerc\u00edcio na UFF, cuja sele\u00e7\u00e3o seguir\u00e1 os crit\u00e9rios que constam no <a href=\"https:\/\/docs.google.com\/document\/d\/1jrY01JY8xYQ18Fdvyf9Uf9COzqUyH1wH\/edit?usp=sharing&amp;ouid=104301932161347404565&amp;rtpof=true&amp;sd=true\" target=\"_blank\" aria-label=\" (opens in a new tab)\" rel=\"noreferrer noopener\" class=\"ek-link\">regulamento do curso<\/a>.<\/p>\n\n\n\n<p>O curso \u00e9 voltado para os servidores que integram o Comit\u00ea de Gest\u00e3o da Integridade e Gest\u00e3o de Riscos na UFF e tem por objetivo propiciar conhecimentos espec\u00edficos e aplicados \u00e0 gest\u00e3o de riscos, aos controles internos, \u00e0 transpar\u00eancia e \u00e0 gest\u00e3o da integridade, temas conexos que permitem \u00e0 UFF uma atua\u00e7\u00e3o institucional mais qualificada e o aprimoramento de sua interface com \u00f3rg\u00e3os de controle e demais \u00f3rg\u00e3os da Administra\u00e7\u00e3o P\u00fablica. <a href=\"https:\/\/docs.google.com\/document\/d\/1U8FKf9qqjFxz7pLHHpL9PP6_TUZ6PZfkg8pK9WgKKsE\/edit?usp=sharing\" target=\"_blank\" aria-label=\" (opens in a new tab)\" rel=\"noreferrer noopener\" class=\"ek-link\">O plano de curso pode ser consultado aqui<\/a>.<\/p>\n\n\n\n<p>As inscri\u00e7\u00f5es podem ser realizadas at\u00e9 o dia 22\/07\/22 e os interessados poder\u00e3o se inscrever <a href=\"https:\/\/forms.gle\/vVSerj3xA6CWeBZt5\" target=\"_blank\" aria-label=\" (opens in a new tab)\" rel=\"noreferrer noopener\" class=\"ek-link\">clicando aqui<\/a>.<\/p>\n","protected":false},"excerpt":{"rendered":"<p>A EGGP \/ PROGEPE abre inscri\u00e7\u00f5es para o curso Gest\u00e3o de Riscos e da Integridade no Setor P\u00fablico que ser\u00e1 ofertado de 01 a 26\/08\/22 na modalidade remota.&nbsp; Ser\u00e3o disponibilizadas at\u00e9 30 vagas para servidores em efetivo exerc\u00edcio na UFF, cuja sele\u00e7\u00e3o seguir\u00e1 os crit\u00e9rios que constam no regulamento do curso. O curso \u00e9 voltado&hellip;<\/p>\n","protected":false},"author":6,"featured_media":0,"comment_status":"open","ping_status":"open","sticky":false,"template":"","format":"standard","meta":{"_editorskit_title_hidden":false,"_editorskit_reading_time":1,"_editorskit_is_block_options_detached":false,"_editorskit_block_options_position":"{}","_monsterinsights_skip_tracking":false,"_monsterinsights_sitenote_active":false,"_monsterinsights_sitenote_note":"","_monsterinsights_sitenote_category":0},"categories":[1],"tags":[],"gutentor_comment":0,"_links":{"self":[{"href":"https:\/\/capacitacaoeggp.vr.uff.br\/index.php?rest_route=\/wp\/v2\/posts\/1538"}],"collection":[{"href":"https:\/\/capacitacaoeggp.vr.uff.br\/index.php?rest_route=\/wp\/v2\/posts"}],"about":[{"href":"https:\/\/capacitacaoeggp.vr.uff.br\/index.php?rest_route=\/wp\/v2\/types\/post"}],"author":[{"embeddable":true,"href":"https:\/\/capacitacaoeggp.vr.uff.br\/index.php?rest_route=\/wp\/v2\/users\/6"}],"replies":[{"embeddable":true,"href":"https:\/\/capacitacaoeggp.vr.uff.br\/index.php?rest_route=%2Fwp%2Fv2%2Fcomments&post=1538"}],"version-history":[{"count":3,"href":"https:\/\/capacitacaoeggp.vr.uff.br\/index.php?rest_route=\/wp\/v2\/posts\/1538\/revisions"}],"predecessor-version":[{"id":1543,"href":"https:\/\/capacitacaoeggp.vr.uff.br\/index.php?rest_route=\/wp\/v2\/posts\/1538\/revisions\/1543"}],"wp:attachment":[{"href":"https:\/\/capacitacaoeggp.vr.uff.br\/index.php?rest_route=%2Fwp%2Fv2%2Fmedia&parent=1538"}],"wp:term":[{"taxonomy":"category","embeddable":true,"href":"https:\/\/capacitacaoeggp.vr.uff.br\/index.php?rest_route=%2Fwp%2Fv2%2Fcategories&post=1538"},{"taxonomy":"post_tag","embeddable":true,"href":"https:\/\/capacitacaoeggp.vr.uff.br\/index.php?rest_route=%2Fwp%2Fv2%2Ftags&post=1538"}],"curies":[{"name":"wp","href":"https:\/\/api.w.org\/{rel}","templated":true}]}}