{"id":1587,"date":"2022-07-27T15:46:14","date_gmt":"2022-07-27T18:46:14","guid":{"rendered":"https:\/\/capacitacaoeggp.vr.uff.br\/?p=1587"},"modified":"2022-07-27T15:51:08","modified_gmt":"2022-07-27T18:51:08","slug":"webnars-sobre-o-programa-de-gestao-na-uff-orientacoes-gerais-sobre-o-seu-funcionamento-adesao-e-utilizacao-da-plataforma-teleport-por-servidores-e-chefia","status":"publish","type":"post","link":"https:\/\/capacitacaoeggp.vr.uff.br\/?p=1587","title":{"rendered":"Webnars sobre o Programa de Gest\u00e3o na UFF: orienta\u00e7\u00f5es gerais sobre o seu funcionamento, ades\u00e3o e utiliza\u00e7\u00e3o da plataforma Teleport por servidores e chefia"},"content":{"rendered":"\n<figure class=\"wp-block-image size-large caption-align-center\"><img decoding=\"async\" loading=\"lazy\" width=\"1024\" height=\"1024\" src=\"https:\/\/capacitacaoeggp.vr.uff.br\/wp-content\/uploads\/2022\/07\/26.07-1-1024x1024.png\" alt=\"\" class=\"wp-image-1592\" srcset=\"https:\/\/capacitacaoeggp.vr.uff.br\/wp-content\/uploads\/2022\/07\/26.07-1-1024x1024.png 1024w, https:\/\/capacitacaoeggp.vr.uff.br\/wp-content\/uploads\/2022\/07\/26.07-1-300x300.png 300w, https:\/\/capacitacaoeggp.vr.uff.br\/wp-content\/uploads\/2022\/07\/26.07-1-150x150.png 150w, https:\/\/capacitacaoeggp.vr.uff.br\/wp-content\/uploads\/2022\/07\/26.07-1-768x768.png 768w, https:\/\/capacitacaoeggp.vr.uff.br\/wp-content\/uploads\/2022\/07\/26.07-1.png 1080w\" sizes=\"(max-width: 1024px) 100vw, 1024px\" \/><\/figure>\n\n\n\n<p>Ser\u00e3o realizados, nos dias 11 e 12 de agosto, quatro webinars sobre o<strong>&nbsp;Programa de Gest\u00e3o na UFF<\/strong>&nbsp;atrav\u00e9s do canal do YouTube da&nbsp;<a href=\"https:\/\/www.youtube.com\/channel\/UC5Lc9ipP-WG-8fW83IfIJmg\" target=\"_blank\" aria-label=\" (opens in a new tab)\" rel=\"noreferrer noopener\" class=\"ek-link\">Capacita\u00e7\u00e3o EGGP<\/a>.<\/p>\n\n\n\n<p>O evento conta com a participa\u00e7\u00e3o dos membros da Comiss\u00e3o Permanente do Programa de Gest\u00e3o e busca dar orienta\u00e7\u00f5es gerais sobre o seu funcionamento, ades\u00e3o e utiliza\u00e7\u00e3o da plataforma Teleport por servidores e chefias.<\/p>\n\n\n\n<p>N\u00e3o \u00e9 necess\u00e1rio realizar inscri\u00e7\u00e3o pr\u00e9via. Aqueles que desejarem receber certificados de participa\u00e7\u00e3o devem assinar a lista de presen\u00e7a disponibilizada durante as webinars.<\/p>\n\n\n\n<p>Confira a seguir os temas trabalhados e seus respectivos dias e hor\u00e1rios:<\/p>\n\n\n\n<p><strong>Programa de Gest\u00e3o: legisla\u00e7\u00e3o, conceitos e tabela de atividades<\/strong><br>&#8211; Dia 11\/08, 10h<br>&#8211; Instrutores: Leonardo Garcia e Patr\u00edcia Bompet<br><a href=\"https:\/\/www.youtube.com\/watch?v=hy97ww8cq1g\" target=\"_blank\" aria-label=\" (opens in a new tab)\" rel=\"noreferrer noopener\" class=\"ek-link\">Clique aqui<\/a>&nbsp;para acessar o link de transmiss\u00e3o.<\/p>\n\n\n\n<p><strong>PTU e Edital: como fazer, documentos e etapas necess\u00e1rias, processo no SEI e publica\u00e7\u00e3o<\/strong><br>&#8211; Dia 11\/08, 14h<br>&#8211; Instrutora: K\u00edssila Rangel<br><a href=\"https:\/\/www.youtube.com\/watch?v=drre3hY-Jj8\" target=\"_blank\" aria-label=\" (opens in a new tab)\" rel=\"noreferrer noopener\" class=\"ek-link\">Clique aqui<\/a>&nbsp;para acessar o link de transmiss\u00e3o.<\/p>\n\n\n\n<p><strong>Teleport para servidores: ades\u00e3o ao edital, elabora\u00e7\u00e3o do PTI e acompanhamento de atividades<\/strong><br>&#8211; Dia 12\/08, 10h<br>&#8211; Instrutora: Gl\u00f3ria Damasceno<br><a href=\"https:\/\/www.youtube.com\/watch?v=uZ0mMJ8NRXc\" target=\"_blank\" aria-label=\" (opens in a new tab)\" rel=\"noreferrer noopener\" class=\"ek-link\">Clique aqui<\/a>&nbsp;para acessar o link de transmiss\u00e3o.<\/p>\n\n\n\n<p><strong>Teleport para chefias: inclus\u00e3o do edital, aprova\u00e7\u00e3o das ades\u00f5es, cria\u00e7\u00e3o de times, elabora\u00e7\u00e3o do PTI e acompanhamento das atividades<\/strong><br>&#8211; Dia 12\/08, 14h<br>&#8211; Instrutora: Patr\u00edcia Carneval<br><a aria-label=\" (opens in a new tab)\" href=\"https:\/\/www.youtube.com\/watch?v=eunKvCoyEYk\" target=\"_blank\" rel=\"noreferrer noopener\" class=\"ek-link\">Clique aqui<\/a>\u00a0para acessar o link de transmiss\u00e3o.<\/p>\n","protected":false},"excerpt":{"rendered":"<p>Ser\u00e3o realizados, nos dias 11 e 12 de agosto, quatro webinars sobre o&nbsp;Programa de Gest\u00e3o na UFF&nbsp;atrav\u00e9s do canal do YouTube da&nbsp;Capacita\u00e7\u00e3o EGGP. O evento conta com a participa\u00e7\u00e3o dos membros da Comiss\u00e3o Permanente do Programa de Gest\u00e3o e busca dar orienta\u00e7\u00f5es gerais sobre o seu funcionamento, ades\u00e3o e utiliza\u00e7\u00e3o da plataforma Teleport por servidores&hellip;<\/p>\n","protected":false},"author":6,"featured_media":0,"comment_status":"open","ping_status":"open","sticky":false,"template":"","format":"standard","meta":{"_editorskit_title_hidden":false,"_editorskit_reading_time":1,"_editorskit_is_block_options_detached":false,"_editorskit_block_options_position":"{}","_monsterinsights_skip_tracking":false,"_monsterinsights_sitenote_active":false,"_monsterinsights_sitenote_note":"","_monsterinsights_sitenote_category":0},"categories":[1],"tags":[],"gutentor_comment":0,"_links":{"self":[{"href":"https:\/\/capacitacaoeggp.vr.uff.br\/index.php?rest_route=\/wp\/v2\/posts\/1587"}],"collection":[{"href":"https:\/\/capacitacaoeggp.vr.uff.br\/index.php?rest_route=\/wp\/v2\/posts"}],"about":[{"href":"https:\/\/capacitacaoeggp.vr.uff.br\/index.php?rest_route=\/wp\/v2\/types\/post"}],"author":[{"embeddable":true,"href":"https:\/\/capacitacaoeggp.vr.uff.br\/index.php?rest_route=\/wp\/v2\/users\/6"}],"replies":[{"embeddable":true,"href":"https:\/\/capacitacaoeggp.vr.uff.br\/index.php?rest_route=%2Fwp%2Fv2%2Fcomments&post=1587"}],"version-history":[{"count":2,"href":"https:\/\/capacitacaoeggp.vr.uff.br\/index.php?rest_route=\/wp\/v2\/posts\/1587\/revisions"}],"predecessor-version":[{"id":1593,"href":"https:\/\/capacitacaoeggp.vr.uff.br\/index.php?rest_route=\/wp\/v2\/posts\/1587\/revisions\/1593"}],"wp:attachment":[{"href":"https:\/\/capacitacaoeggp.vr.uff.br\/index.php?rest_route=%2Fwp%2Fv2%2Fmedia&parent=1587"}],"wp:term":[{"taxonomy":"category","embeddable":true,"href":"https:\/\/capacitacaoeggp.vr.uff.br\/index.php?rest_route=%2Fwp%2Fv2%2Fcategories&post=1587"},{"taxonomy":"post_tag","embeddable":true,"href":"https:\/\/capacitacaoeggp.vr.uff.br\/index.php?rest_route=%2Fwp%2Fv2%2Ftags&post=1587"}],"curies":[{"name":"wp","href":"https:\/\/api.w.org\/{rel}","templated":true}]}}