{"id":1679,"date":"2022-08-09T11:00:40","date_gmt":"2022-08-09T14:00:40","guid":{"rendered":"https:\/\/capacitacaoeggp.vr.uff.br\/?p=1679"},"modified":"2022-08-09T11:07:06","modified_gmt":"2022-08-09T14:07:06","slug":"curso-analise-estatistica-descritiva-com-uso-do-r","status":"publish","type":"post","link":"https:\/\/capacitacaoeggp.vr.uff.br\/?p=1679","title":{"rendered":"Curso \u201cAn\u00e1lise Estat\u00edstica Descritiva com uso do R\u201d"},"content":{"rendered":"\n<p style=\"font-size:16px\">Quer conhecer uma ferramenta que poder\u00e1 te auxiliar na an\u00e1lise de dados? Neste curso voc\u00ea vai come\u00e7ar a aprender como usar a linguagem R para descrever em n\u00fameros e gr\u00e1ficos os fen\u00f4menos da gest\u00e3o p\u00fablica.&nbsp;<\/p>\n\n\n\n<p style=\"font-size:16px\">Inscri\u00e7\u00e3o: 12\/08 at\u00e9 16\/09<\/p>\n\n\n\n<p style=\"font-size:16px\">Realiza\u00e7\u00e3o: 26\/09 a 30\/09&nbsp;&nbsp;&nbsp;<\/p>\n\n\n\n<p style=\"font-size:16px\">35 Vagas&nbsp;<\/p>\n\n\n\n<p style=\"font-size:16px\">Remoto &#8211; Plataforma Zoom<\/p>\n\n\n\n<p style=\"font-size:16px\">Carga hor\u00e1ria: 21h<\/p>\n\n\n\n<p style=\"font-size:16px\">Acesse e atente-se para se cadastrar no link correto (turma de 26 a 30 de setembro) pelo link: <a href=\"https:\/\/suap.enap.gov.br\/portaldoaluno\/curso\/1587\/\" target=\"_blank\" rel=\"noreferrer noopener\"><strong>https:\/\/suap.enap.gov.br\/portaldoaluno\/curso\/1587\/<\/strong><\/a><\/p>\n","protected":false},"excerpt":{"rendered":"<p>Quer conhecer uma ferramenta que poder\u00e1 te auxiliar na an\u00e1lise de dados? Neste curso voc\u00ea vai come\u00e7ar a aprender como usar a linguagem R para descrever em n\u00fameros e gr\u00e1ficos os fen\u00f4menos da gest\u00e3o p\u00fablica.&nbsp; Inscri\u00e7\u00e3o: 12\/08 at\u00e9 16\/09 Realiza\u00e7\u00e3o: 26\/09 a 30\/09&nbsp;&nbsp;&nbsp; 35 Vagas&nbsp; Remoto &#8211; Plataforma Zoom Carga hor\u00e1ria: 21h Acesse e atente-se&hellip;<\/p>\n","protected":false},"author":3,"featured_media":0,"comment_status":"open","ping_status":"open","sticky":false,"template":"","format":"standard","meta":{"_editorskit_title_hidden":false,"_editorskit_reading_time":1,"_editorskit_is_block_options_detached":false,"_editorskit_block_options_position":"{}","_monsterinsights_skip_tracking":false,"_monsterinsights_sitenote_active":false,"_monsterinsights_sitenote_note":"","_monsterinsights_sitenote_category":0},"categories":[1],"tags":[],"gutentor_comment":0,"_links":{"self":[{"href":"https:\/\/capacitacaoeggp.vr.uff.br\/index.php?rest_route=\/wp\/v2\/posts\/1679"}],"collection":[{"href":"https:\/\/capacitacaoeggp.vr.uff.br\/index.php?rest_route=\/wp\/v2\/posts"}],"about":[{"href":"https:\/\/capacitacaoeggp.vr.uff.br\/index.php?rest_route=\/wp\/v2\/types\/post"}],"author":[{"embeddable":true,"href":"https:\/\/capacitacaoeggp.vr.uff.br\/index.php?rest_route=\/wp\/v2\/users\/3"}],"replies":[{"embeddable":true,"href":"https:\/\/capacitacaoeggp.vr.uff.br\/index.php?rest_route=%2Fwp%2Fv2%2Fcomments&post=1679"}],"version-history":[{"count":1,"href":"https:\/\/capacitacaoeggp.vr.uff.br\/index.php?rest_route=\/wp\/v2\/posts\/1679\/revisions"}],"predecessor-version":[{"id":1680,"href":"https:\/\/capacitacaoeggp.vr.uff.br\/index.php?rest_route=\/wp\/v2\/posts\/1679\/revisions\/1680"}],"wp:attachment":[{"href":"https:\/\/capacitacaoeggp.vr.uff.br\/index.php?rest_route=%2Fwp%2Fv2%2Fmedia&parent=1679"}],"wp:term":[{"taxonomy":"category","embeddable":true,"href":"https:\/\/capacitacaoeggp.vr.uff.br\/index.php?rest_route=%2Fwp%2Fv2%2Fcategories&post=1679"},{"taxonomy":"post_tag","embeddable":true,"href":"https:\/\/capacitacaoeggp.vr.uff.br\/index.php?rest_route=%2Fwp%2Fv2%2Ftags&post=1679"}],"curies":[{"name":"wp","href":"https:\/\/api.w.org\/{rel}","templated":true}]}}