{"id":1683,"date":"2022-08-09T11:08:27","date_gmt":"2022-08-09T14:08:27","guid":{"rendered":"https:\/\/capacitacaoeggp.vr.uff.br\/?p=1683"},"modified":"2022-08-09T11:08:36","modified_gmt":"2022-08-09T14:08:36","slug":"curso-praticando-a-gestao-e-fiscalizacao-de-contratos-administrativos","status":"publish","type":"post","link":"https:\/\/capacitacaoeggp.vr.uff.br\/?p=1683","title":{"rendered":"Curso \u201cPraticando a gest\u00e3o e fiscaliza\u00e7\u00e3o de contratos administrativos\u201d\u00a0"},"content":{"rendered":"\n<p style=\"font-size:16px\">O curso tem abordagem pr\u00e1tica sobre a atua\u00e7\u00e3o efetiva na gest\u00e3o e fiscaliza\u00e7\u00e3o de contratos administrativos, reconhecendo a import\u00e2ncia do planejamento da contrata\u00e7\u00e3o e as compet\u00eancias dos principais atores envolvidos e a legisla\u00e7\u00e3o vigente.&nbsp;<\/p>\n\n\n\n<p style=\"font-size:16px\">Inscri\u00e7\u00e3o: 09\/08 at\u00e9 14\/09<\/p>\n\n\n\n<p style=\"font-size:16px\">Realiza\u00e7\u00e3o: 21\/09 a 28\/09&nbsp;&nbsp;&nbsp;<\/p>\n\n\n\n<p style=\"font-size:16px\">35 Vagas&nbsp;<\/p>\n\n\n\n<p style=\"font-size:16px\">Remoto &#8211; Plataforma Zoom<\/p>\n\n\n\n<p style=\"font-size:16px\">Carga hor\u00e1ria: 28h<\/p>\n\n\n\n<p style=\"font-size:16px\">Acesse e atente-se para se cadastrar no link correto (turma de 21 a 28 de setembro) pelo link: <a href=\"https:\/\/suap.enap.gov.br\/portaldoaluno\/curso\/1633\/\" target=\"_blank\" rel=\"noreferrer noopener\"><strong>https:\/\/suap.enap.gov.br\/portaldoaluno\/curso\/1633\/<\/strong><\/a><\/p>\n\n\n\n<p style=\"font-size:16px\"><strong>Ao se inscrever, n\u00e3o se esque\u00e7a de confirmar que se trata da Turma EXCLUSIVA UFF.<\/strong><\/p>\n","protected":false},"excerpt":{"rendered":"<p>O curso tem abordagem pr\u00e1tica sobre a atua\u00e7\u00e3o efetiva na gest\u00e3o e fiscaliza\u00e7\u00e3o de contratos administrativos, reconhecendo a import\u00e2ncia do planejamento da contrata\u00e7\u00e3o e as compet\u00eancias dos principais atores envolvidos e a legisla\u00e7\u00e3o vigente.&nbsp; Inscri\u00e7\u00e3o: 09\/08 at\u00e9 14\/09 Realiza\u00e7\u00e3o: 21\/09 a 28\/09&nbsp;&nbsp;&nbsp; 35 Vagas&nbsp; Remoto &#8211; Plataforma Zoom Carga hor\u00e1ria: 28h Acesse e atente-se para&hellip;<\/p>\n","protected":false},"author":3,"featured_media":0,"comment_status":"open","ping_status":"open","sticky":false,"template":"","format":"standard","meta":{"_editorskit_title_hidden":false,"_editorskit_reading_time":1,"_editorskit_is_block_options_detached":false,"_editorskit_block_options_position":"{}","_monsterinsights_skip_tracking":false,"_monsterinsights_sitenote_active":false,"_monsterinsights_sitenote_note":"","_monsterinsights_sitenote_category":0},"categories":[1],"tags":[],"gutentor_comment":0,"_links":{"self":[{"href":"https:\/\/capacitacaoeggp.vr.uff.br\/index.php?rest_route=\/wp\/v2\/posts\/1683"}],"collection":[{"href":"https:\/\/capacitacaoeggp.vr.uff.br\/index.php?rest_route=\/wp\/v2\/posts"}],"about":[{"href":"https:\/\/capacitacaoeggp.vr.uff.br\/index.php?rest_route=\/wp\/v2\/types\/post"}],"author":[{"embeddable":true,"href":"https:\/\/capacitacaoeggp.vr.uff.br\/index.php?rest_route=\/wp\/v2\/users\/3"}],"replies":[{"embeddable":true,"href":"https:\/\/capacitacaoeggp.vr.uff.br\/index.php?rest_route=%2Fwp%2Fv2%2Fcomments&post=1683"}],"version-history":[{"count":1,"href":"https:\/\/capacitacaoeggp.vr.uff.br\/index.php?rest_route=\/wp\/v2\/posts\/1683\/revisions"}],"predecessor-version":[{"id":1684,"href":"https:\/\/capacitacaoeggp.vr.uff.br\/index.php?rest_route=\/wp\/v2\/posts\/1683\/revisions\/1684"}],"wp:attachment":[{"href":"https:\/\/capacitacaoeggp.vr.uff.br\/index.php?rest_route=%2Fwp%2Fv2%2Fmedia&parent=1683"}],"wp:term":[{"taxonomy":"category","embeddable":true,"href":"https:\/\/capacitacaoeggp.vr.uff.br\/index.php?rest_route=%2Fwp%2Fv2%2Fcategories&post=1683"},{"taxonomy":"post_tag","embeddable":true,"href":"https:\/\/capacitacaoeggp.vr.uff.br\/index.php?rest_route=%2Fwp%2Fv2%2Ftags&post=1683"}],"curies":[{"name":"wp","href":"https:\/\/api.w.org\/{rel}","templated":true}]}}