{"id":1712,"date":"2022-08-29T09:57:56","date_gmt":"2022-08-29T12:57:56","guid":{"rendered":"https:\/\/capacitacaoeggp.vr.uff.br\/?p=1712"},"modified":"2022-08-29T10:00:07","modified_gmt":"2022-08-29T13:00:07","slug":"curso-iniciando-o-servico-publico-na-uff-inscricoes-abertas","status":"publish","type":"post","link":"https:\/\/capacitacaoeggp.vr.uff.br\/?p=1712","title":{"rendered":"Curso &#8220;Iniciando o Servi\u00e7o P\u00fablico na UFF&#8221;"},"content":{"rendered":"\n<p>Destinado a servidores em efetivo exerc\u00edcio na Universidade Federal Fluminense, o curso ser\u00e1 realizado no formato a dist\u00e2ncia no per\u00edodo de 13 de setembro a 07 de outubro de 2022, totalizando 30h de dura\u00e7\u00e3o. <\/p>\n\n\n\n<p>Ser\u00e3o disponibilizadas 60 vagas e a oferta acontecer\u00e1 por meio da plataforma da EGGP. As inscri\u00e7\u00f5es ser\u00e3o realizadas via plataforma Moodle da EGGP, mediante cadastro, atrav\u00e9s do <a rel=\"noreferrer noopener\" href=\"https:\/\/eggp-ava.vr.uff.br\/course\/view.php?id=26\" target=\"_blank\" class=\"ek-link\">link<\/a>.<br><br>O per\u00edodo de inscri\u00e7\u00f5es ser\u00e1 &nbsp;de 23\/08 a 08\/09\/2022. Ao realizar o cadastro na plataforma voc\u00ea receber\u00e1 um link de confirma\u00e7\u00e3o pelo e-mail. Atente-se que o cadastro s\u00f3 ser\u00e1 finalizado ap\u00f3s a confirma\u00e7\u00e3o.<br><br>Para mais informa\u00e7\u00f5es, acesse &nbsp;o <a rel=\"noreferrer noopener\" href=\"https:\/\/docs.google.com\/document\/d\/1WEka1VHC5FFo2SU6fbOTQCQfF_tm63isg--Z3SK9ITE\/edit?usp=sharing\" target=\"_blank\">plano de curso<\/a> e o <a rel=\"noreferrer noopener\" href=\"https:\/\/docs.google.com\/document\/d\/1m4m8pxkyQgq-FIkIeHtw2HWMR7Rkklhf\/edit?usp=sharing&amp;ouid=100030837869559103532&amp;rtpof=true&amp;sd=true\" target=\"_blank\">guia do participante<\/a>.<\/p>\n","protected":false},"excerpt":{"rendered":"<p>Destinado a servidores em efetivo exerc\u00edcio na Universidade Federal Fluminense, o curso ser\u00e1 realizado no formato a dist\u00e2ncia no per\u00edodo de 13 de setembro a 07 de outubro de 2022, totalizando 30h de dura\u00e7\u00e3o. Ser\u00e3o disponibilizadas 60 vagas e a oferta acontecer\u00e1 por meio da plataforma da EGGP. As inscri\u00e7\u00f5es ser\u00e3o realizadas via plataforma Moodle&hellip;<\/p>\n","protected":false},"author":6,"featured_media":0,"comment_status":"open","ping_status":"open","sticky":false,"template":"","format":"standard","meta":{"_editorskit_title_hidden":false,"_editorskit_reading_time":1,"_editorskit_is_block_options_detached":false,"_editorskit_block_options_position":"{}","_monsterinsights_skip_tracking":false,"_monsterinsights_sitenote_active":false,"_monsterinsights_sitenote_note":"","_monsterinsights_sitenote_category":0},"categories":[1],"tags":[],"gutentor_comment":0,"_links":{"self":[{"href":"https:\/\/capacitacaoeggp.vr.uff.br\/index.php?rest_route=\/wp\/v2\/posts\/1712"}],"collection":[{"href":"https:\/\/capacitacaoeggp.vr.uff.br\/index.php?rest_route=\/wp\/v2\/posts"}],"about":[{"href":"https:\/\/capacitacaoeggp.vr.uff.br\/index.php?rest_route=\/wp\/v2\/types\/post"}],"author":[{"embeddable":true,"href":"https:\/\/capacitacaoeggp.vr.uff.br\/index.php?rest_route=\/wp\/v2\/users\/6"}],"replies":[{"embeddable":true,"href":"https:\/\/capacitacaoeggp.vr.uff.br\/index.php?rest_route=%2Fwp%2Fv2%2Fcomments&post=1712"}],"version-history":[{"count":2,"href":"https:\/\/capacitacaoeggp.vr.uff.br\/index.php?rest_route=\/wp\/v2\/posts\/1712\/revisions"}],"predecessor-version":[{"id":1716,"href":"https:\/\/capacitacaoeggp.vr.uff.br\/index.php?rest_route=\/wp\/v2\/posts\/1712\/revisions\/1716"}],"wp:attachment":[{"href":"https:\/\/capacitacaoeggp.vr.uff.br\/index.php?rest_route=%2Fwp%2Fv2%2Fmedia&parent=1712"}],"wp:term":[{"taxonomy":"category","embeddable":true,"href":"https:\/\/capacitacaoeggp.vr.uff.br\/index.php?rest_route=%2Fwp%2Fv2%2Fcategories&post=1712"},{"taxonomy":"post_tag","embeddable":true,"href":"https:\/\/capacitacaoeggp.vr.uff.br\/index.php?rest_route=%2Fwp%2Fv2%2Ftags&post=1712"}],"curies":[{"name":"wp","href":"https:\/\/api.w.org\/{rel}","templated":true}]}}