{"id":1775,"date":"2022-09-14T10:52:35","date_gmt":"2022-09-14T13:52:35","guid":{"rendered":"https:\/\/capacitacaoeggp.vr.uff.br\/?p=1775"},"modified":"2022-09-22T10:35:52","modified_gmt":"2022-09-22T13:35:52","slug":"edital-pquff-2022-aberto-inscricoes-ate-14-10","status":"publish","type":"post","link":"https:\/\/capacitacaoeggp.vr.uff.br\/?p=1775","title":{"rendered":"Edital PQUFF 2022 aberto! Inscri\u00e7\u00f5es at\u00e9 14\/10!"},"content":{"rendered":"\n<p class=\"has-small-font-size\">Servidor(a), se voc\u00ea est\u00e1 realizando algum curso de gradua\u00e7\u00e3o ou p\u00f3s-gradua\u00e7\u00e3o dentro ou fora da&nbsp;UFF, confira essa oportunidade oferecida pela Escola de Governan\u00e7a e Gest\u00e3o P\u00fablica (EGGP\/PROGEPE).&nbsp; Est\u00e3o abertas inscri\u00e7\u00f5es para t\u00e9cnicos administrativos e docentes da Universidade solicitarem apoio financeiro para cursos realizados em Unidades de Ensino regulamentadas pelo MEC.<\/p>\n\n\n\n<p class=\"has-small-font-size\"><br>A iniciativa, conhecida como Programa de Aux\u00edlio-Qualifica\u00e7\u00e3o da&nbsp;UFF&nbsp;(PQUFF), integra o hall de projetos e a\u00e7\u00f5es coordenados pela EGGP, que visam atender demandas e expectativas da comunidade interna no que tange ao aprimoramento de conhecimentos, capacidades e habilidades no campo profissional e intelectual. Neste ano, ser\u00e3o concedidas 44 bolsas, no valor de R$ 250,00 reais e por um per\u00edodo de at\u00e9 10 meses, para quem est\u00e1 cursando Gradua\u00e7\u00e3o (10 bolsas para Bacharelado, Licenciatura e Tecn\u00f3logo) ou P\u00f3s-Gradua\u00e7\u00e3o Stricto Sensu (12 bolsas para Mestrado e 10 bolsas para Doutorado) e Lato Sensu (12 bolsas para Especializa\u00e7\u00e3o), em car\u00e1ter presencial, semipresencial ou \u00e0 dist\u00e2ncia.<\/p>\n\n\n\n<p class=\"has-small-font-size\"><br>A solicita\u00e7\u00e3o do Aux\u00edlio-Qualifica\u00e7\u00e3o deve ocorrer por meio do Sistema Eletr\u00f4nico de Informa\u00e7\u00f5es (SEI). Mas, aten\u00e7\u00e3o! Os interessados devem primeiramente observar no edital do processo seletivo os pr\u00e9-requisitos exigidos para o pleito e a candidatura \u00e0 bolsa. Aqui, destacamos algumas quest\u00f5es primordiais, tais como: ser servidor t\u00e9cnico-administrativo ou docente do quadro permanente e ativo da&nbsp;UFF, ocupante de cargo efetivo e em exerc\u00edcio na Institui\u00e7\u00e3o; ter obtido resultado igual ou superior a 70% na avalia\u00e7\u00e3o de desempenho do \u00faltimo interst\u00edcio; no caso de t\u00e9cnico administrativo ou docente em est\u00e1gio probat\u00f3rio, n\u00e3o submetido ainda \u00e0 primeira avalia\u00e7\u00e3o, \u00e9 necess\u00e1ria a apresenta\u00e7\u00e3o de of\u00edcio de aprecia\u00e7\u00e3o de desempenho favor\u00e1vel emitido pela chefia imediata; estar regularmente matriculado em curso de gradua\u00e7\u00e3o ou p\u00f3s-gradua\u00e7\u00e3o; n\u00e3o ter pend\u00eancia da presta\u00e7\u00e3o de contas do Edital do PQUFF 2021.<\/p>\n\n\n\n<p class=\"has-small-font-size\"><br>Como a oferta \u00e9 de 44 bolsas, em caso de n\u00famero superior de inscritos, a concess\u00e3o do aux\u00edlio seguir\u00e1 crit\u00e9rios definidos no edital. Correla\u00e7\u00e3o direta do curso realizado com o Ambiente Organizacional em que o servidor desenvolve suas atividades \u00e9 um deles, bem como o n\u00e3o recebimento de benef\u00edcio em edital do PQUFF de 2021.&nbsp;<br>As inscri\u00e7\u00f5es est\u00e3o abertas at\u00e9 o dia 14 de outubro. N\u00e3o perca o prazo! Para informa\u00e7\u00f5es mais detalhadas sobre PQUFF 2022, acesse:&nbsp;<a rel=\"noreferrer noopener\" href=\"https:\/\/www.editais.uff.br\/8016\" target=\"_blank\" class=\"ek-link\">https:\/\/www.editais.uff.br\/8016<\/a>. Em caso de d\u00favidas, envie e-mail para <a rel=\"noreferrer noopener\" href=\"mailto:sant.dda.eggp@id.uff.br\" target=\"_blank\">sant.dda.eggp@id.uff.br<\/a>.<\/p>\n","protected":false},"excerpt":{"rendered":"<p>Servidor(a), se voc\u00ea est\u00e1 realizando algum curso de gradua\u00e7\u00e3o ou p\u00f3s-gradua\u00e7\u00e3o dentro ou fora da&nbsp;UFF, confira essa oportunidade oferecida pela Escola de Governan\u00e7a e Gest\u00e3o P\u00fablica (EGGP\/PROGEPE).&nbsp; Est\u00e3o abertas inscri\u00e7\u00f5es para t\u00e9cnicos administrativos e docentes da Universidade solicitarem apoio financeiro para cursos realizados em Unidades de Ensino regulamentadas pelo MEC. A iniciativa, conhecida como Programa&hellip;<\/p>\n","protected":false},"author":6,"featured_media":0,"comment_status":"open","ping_status":"open","sticky":false,"template":"","format":"standard","meta":{"_editorskit_title_hidden":false,"_editorskit_reading_time":1,"_editorskit_is_block_options_detached":false,"_editorskit_block_options_position":"{}","_monsterinsights_skip_tracking":false,"_monsterinsights_sitenote_active":false,"_monsterinsights_sitenote_note":"","_monsterinsights_sitenote_category":0},"categories":[1],"tags":[],"gutentor_comment":0,"_links":{"self":[{"href":"https:\/\/capacitacaoeggp.vr.uff.br\/index.php?rest_route=\/wp\/v2\/posts\/1775"}],"collection":[{"href":"https:\/\/capacitacaoeggp.vr.uff.br\/index.php?rest_route=\/wp\/v2\/posts"}],"about":[{"href":"https:\/\/capacitacaoeggp.vr.uff.br\/index.php?rest_route=\/wp\/v2\/types\/post"}],"author":[{"embeddable":true,"href":"https:\/\/capacitacaoeggp.vr.uff.br\/index.php?rest_route=\/wp\/v2\/users\/6"}],"replies":[{"embeddable":true,"href":"https:\/\/capacitacaoeggp.vr.uff.br\/index.php?rest_route=%2Fwp%2Fv2%2Fcomments&post=1775"}],"version-history":[{"count":2,"href":"https:\/\/capacitacaoeggp.vr.uff.br\/index.php?rest_route=\/wp\/v2\/posts\/1775\/revisions"}],"predecessor-version":[{"id":1806,"href":"https:\/\/capacitacaoeggp.vr.uff.br\/index.php?rest_route=\/wp\/v2\/posts\/1775\/revisions\/1806"}],"wp:attachment":[{"href":"https:\/\/capacitacaoeggp.vr.uff.br\/index.php?rest_route=%2Fwp%2Fv2%2Fmedia&parent=1775"}],"wp:term":[{"taxonomy":"category","embeddable":true,"href":"https:\/\/capacitacaoeggp.vr.uff.br\/index.php?rest_route=%2Fwp%2Fv2%2Fcategories&post=1775"},{"taxonomy":"post_tag","embeddable":true,"href":"https:\/\/capacitacaoeggp.vr.uff.br\/index.php?rest_route=%2Fwp%2Fv2%2Ftags&post=1775"}],"curies":[{"name":"wp","href":"https:\/\/api.w.org\/{rel}","templated":true}]}}