{"id":2136,"date":"2023-02-06T09:49:01","date_gmt":"2023-02-06T12:49:01","guid":{"rendered":"https:\/\/capacitacaoeggp.vr.uff.br\/?p=2136"},"modified":"2023-02-06T09:52:53","modified_gmt":"2023-02-06T12:52:53","slug":"curso-ead-introducao-a-educacao-a-distancia-e-producao-de-conteudo-didatico","status":"publish","type":"post","link":"https:\/\/capacitacaoeggp.vr.uff.br\/?p=2136","title":{"rendered":"Curso EAD: Introdu\u00e7\u00e3o \u00e0 educa\u00e7\u00e3o a dist\u00e2ncia e produ\u00e7\u00e3o de conte\u00fado did\u00e1tico"},"content":{"rendered":"\n<p class=\"has-text-align-justify has-black-color has-text-color\" style=\"font-size:14px\">A Pr\u00f3-Reitoria de Gest\u00e3o de Pessoas (Progepe), por meio da Escola de Governan\u00e7a em Gest\u00e3o P\u00fablica (EGGP), disponibiliza nova turma do curso <strong>Introdu\u00e7\u00e3o \u00e0 educa\u00e7\u00e3o a dist\u00e2ncia e produ\u00e7\u00e3o de conte\u00fado did\u00e1tico<\/strong> no per\u00edodo de 27\/02 a 31\/03\/2023.<\/p>\n\n\n\n<p class=\"has-text-align-justify has-black-color has-text-color\" style=\"font-size:14px\">Ser\u00e3o ofertadas 40 vagas destinadas, preferencialmente, aos servidores docentes, pedagogos e t\u00e9cnicos em assuntos educacionais da UFF.<\/p>\n\n\n\n<p class=\"has-text-align-justify has-black-color has-text-color\" style=\"font-size:14px\">O curso foi elaborado para atender as demandas de desenvolvimento de compet\u00eancias necess\u00e1rias para a elabora\u00e7\u00e3o de conte\u00fado did\u00e1tico e a media\u00e7\u00e3o pedag\u00f3gica em situa\u00e7\u00f5es de aprendizagem na modalidade a dist\u00e2ncia ou semipresencial.&nbsp;<\/p>\n\n\n\n<p class=\"has-text-align-justify has-black-color has-text-color\" style=\"font-size:14px\">Por meio de uma abordagem te\u00f3rico-pr\u00e1tica, o curso ser\u00e1 realizado na modalidade a dist\u00e2ncia, com encontros remotos e atividades ass\u00edncronas pela plataforma Moodle. Os encontros remotos est\u00e3o previstos para acontecer nas seguintes datas: i) 27\/02; ii) 06\/03; iii) 13\/03; iv) 20\/03 e v) 27\/03.<\/p>\n\n\n\n<p class=\"has-text-align-justify has-black-color has-text-color\" style=\"font-size:14px\">As inscri\u00e7\u00f5es poder\u00e3o ser realizadas de 06\/02 a 17\/02\/2023, via plataforma Moodle da EGGP, mediante cadastro no endere\u00e7o: <a rel=\"noreferrer noopener\" href=\"https:\/\/eggp-ava.vr.uff.br\/course\/view.php?id=28\" target=\"_blank\">https:\/\/eggp-ava.vr.uff.br\/course\/view.php?id=28<\/a><\/p>\n\n\n\n<p class=\"has-text-align-justify has-black-color has-text-color\" style=\"font-size:14px\">Ao realizar o cadastro na plataforma voc\u00ea receber\u00e1 um link de confirma\u00e7\u00e3o por e-mail.<strong> Atente-se que o cadastro s\u00f3 ser\u00e1 finalizado ap\u00f3s a confirma\u00e7\u00e3o.<\/strong><\/p>\n\n\n\n<p class=\"has-text-align-justify has-black-color has-text-color\" style=\"font-size:14px\">Para mais informa\u00e7\u00f5es, acesse&nbsp; o <a rel=\"noreferrer noopener\" href=\"https:\/\/docs.google.com\/document\/d\/1_RkMZNvUXnp-QV22nCzpF25CqhaYZ1NudPAziTps164\/edit?usp=share_link\" target=\"_blank\" class=\"ek-link\">plano de curso<\/a> e o <a rel=\"noreferrer noopener\" href=\"https:\/\/docs.google.com\/document\/d\/1WBL2nquK0RlSyMGWG0cfASVdx2LyBO-cwJq7jMLySuo\/edit?usp=share_link\" target=\"_blank\" class=\"ek-link\">regulamento<\/a>.<\/p>\n","protected":false},"excerpt":{"rendered":"<p>A Pr\u00f3-Reitoria de Gest\u00e3o de Pessoas (Progepe), por meio da Escola de Governan\u00e7a em Gest\u00e3o P\u00fablica (EGGP), disponibiliza nova turma do curso Introdu\u00e7\u00e3o \u00e0 educa\u00e7\u00e3o a dist\u00e2ncia e produ\u00e7\u00e3o de conte\u00fado did\u00e1tico no per\u00edodo de 27\/02 a 31\/03\/2023. Ser\u00e3o ofertadas 40 vagas destinadas, preferencialmente, aos servidores docentes, pedagogos e t\u00e9cnicos em assuntos educacionais da UFF.&hellip;<\/p>\n","protected":false},"author":6,"featured_media":0,"comment_status":"open","ping_status":"open","sticky":false,"template":"","format":"standard","meta":{"_editorskit_title_hidden":false,"_editorskit_reading_time":1,"_editorskit_is_block_options_detached":false,"_editorskit_block_options_position":"{}","_monsterinsights_skip_tracking":false,"_monsterinsights_sitenote_active":false,"_monsterinsights_sitenote_note":"","_monsterinsights_sitenote_category":0},"categories":[1],"tags":[],"gutentor_comment":0,"_links":{"self":[{"href":"https:\/\/capacitacaoeggp.vr.uff.br\/index.php?rest_route=\/wp\/v2\/posts\/2136"}],"collection":[{"href":"https:\/\/capacitacaoeggp.vr.uff.br\/index.php?rest_route=\/wp\/v2\/posts"}],"about":[{"href":"https:\/\/capacitacaoeggp.vr.uff.br\/index.php?rest_route=\/wp\/v2\/types\/post"}],"author":[{"embeddable":true,"href":"https:\/\/capacitacaoeggp.vr.uff.br\/index.php?rest_route=\/wp\/v2\/users\/6"}],"replies":[{"embeddable":true,"href":"https:\/\/capacitacaoeggp.vr.uff.br\/index.php?rest_route=%2Fwp%2Fv2%2Fcomments&post=2136"}],"version-history":[{"count":4,"href":"https:\/\/capacitacaoeggp.vr.uff.br\/index.php?rest_route=\/wp\/v2\/posts\/2136\/revisions"}],"predecessor-version":[{"id":2143,"href":"https:\/\/capacitacaoeggp.vr.uff.br\/index.php?rest_route=\/wp\/v2\/posts\/2136\/revisions\/2143"}],"wp:attachment":[{"href":"https:\/\/capacitacaoeggp.vr.uff.br\/index.php?rest_route=%2Fwp%2Fv2%2Fmedia&parent=2136"}],"wp:term":[{"taxonomy":"category","embeddable":true,"href":"https:\/\/capacitacaoeggp.vr.uff.br\/index.php?rest_route=%2Fwp%2Fv2%2Fcategories&post=2136"},{"taxonomy":"post_tag","embeddable":true,"href":"https:\/\/capacitacaoeggp.vr.uff.br\/index.php?rest_route=%2Fwp%2Fv2%2Ftags&post=2136"}],"curies":[{"name":"wp","href":"https:\/\/api.w.org\/{rel}","templated":true}]}}