{"id":2395,"date":"2023-05-26T09:48:35","date_gmt":"2023-05-26T12:48:35","guid":{"rendered":"https:\/\/capacitacaoeggp.vr.uff.br\/?p=2395"},"modified":"2023-05-26T09:48:36","modified_gmt":"2023-05-26T12:48:36","slug":"curso-sei-na-uff-inscricoes-abertas","status":"publish","type":"post","link":"https:\/\/capacitacaoeggp.vr.uff.br\/?p=2395","title":{"rendered":"Curso SEI na UFF: Inscri\u00e7\u00f5es abertas"},"content":{"rendered":"\n<p class=\"has-text-align-justify has-black-color has-text-color\" style=\"font-size:14px\">A EGGP\/Progepe abre inscri\u00e7\u00f5es para o curso Uso do SEI na UFF &#8211; turma 5\/2023.<\/p>\n\n\n\n<p class=\"has-black-color has-text-color\" style=\"font-size:14px\">O curso ser\u00e1 ofertado de 19\/06 a 07\/07\/2023, de forma remota, por meio da plataforma Google Classroom e do ambiente virtual de testes do SEI, conforme metodologia definida no <a rel=\"noreferrer noopener\" href=\"https:\/\/docs.google.com\/document\/d\/1XBpGErzPT9hTrqR4RFI9k-MGL7Vu-6ID\/edit?usp=share_link&amp;ouid=104301932161347404565&amp;rtpof=true&amp;sd=true\" target=\"_blank\" class=\"ek-link\">plano de curso<\/a>.<\/p>\n\n\n\n<p class=\"has-black-color has-text-color\" style=\"font-size:14px\">As inscri\u00e7\u00f5es podem ser realizadas at\u00e9 o dia 12\/06\/2023 e os interessados poder\u00e3o se inscrever <a href=\"https:\/\/forms.gle\/K8b5fnhXSwisTm5NA\" target=\"_blank\" rel=\"noreferrer noopener\">clicando aqui<\/a>.<\/p>\n\n\n\n<p class=\"has-black-color has-text-color\" style=\"font-size:14px\">Ser\u00e3o disponibilizadas at\u00e9 50 vagas para servidores docentes e t\u00e9cnicos administrativos em efetivo exerc\u00edcio na UFF e a sele\u00e7\u00e3o dos inscritos seguir\u00e1 os crit\u00e9rios que constam no <a href=\"https:\/\/docs.google.com\/document\/d\/1_L7AuVT_V1ebSjIq7kdhPvqTn4DtQoVB\/edit?usp=share_link&amp;ouid=104301932161347404565&amp;rtpof=true&amp;sd=true\" target=\"_blank\" rel=\"noreferrer noopener\">regulamento do curso<\/a>.<\/p>\n","protected":false},"excerpt":{"rendered":"<p>A EGGP\/Progepe abre inscri\u00e7\u00f5es para o curso Uso do SEI na UFF &#8211; turma 5\/2023. O curso ser\u00e1 ofertado de 19\/06 a 07\/07\/2023, de forma remota, por meio da plataforma Google Classroom e do ambiente virtual de testes do SEI, conforme metodologia definida no plano de curso. As inscri\u00e7\u00f5es podem ser realizadas at\u00e9 o dia&hellip;<\/p>\n","protected":false},"author":6,"featured_media":0,"comment_status":"open","ping_status":"open","sticky":false,"template":"","format":"standard","meta":{"_editorskit_title_hidden":false,"_editorskit_reading_time":0,"_editorskit_is_block_options_detached":false,"_editorskit_block_options_position":"{}","_monsterinsights_skip_tracking":false,"_monsterinsights_sitenote_active":false,"_monsterinsights_sitenote_note":"","_monsterinsights_sitenote_category":0},"categories":[1],"tags":[],"gutentor_comment":0,"_links":{"self":[{"href":"https:\/\/capacitacaoeggp.vr.uff.br\/index.php?rest_route=\/wp\/v2\/posts\/2395"}],"collection":[{"href":"https:\/\/capacitacaoeggp.vr.uff.br\/index.php?rest_route=\/wp\/v2\/posts"}],"about":[{"href":"https:\/\/capacitacaoeggp.vr.uff.br\/index.php?rest_route=\/wp\/v2\/types\/post"}],"author":[{"embeddable":true,"href":"https:\/\/capacitacaoeggp.vr.uff.br\/index.php?rest_route=\/wp\/v2\/users\/6"}],"replies":[{"embeddable":true,"href":"https:\/\/capacitacaoeggp.vr.uff.br\/index.php?rest_route=%2Fwp%2Fv2%2Fcomments&post=2395"}],"version-history":[{"count":1,"href":"https:\/\/capacitacaoeggp.vr.uff.br\/index.php?rest_route=\/wp\/v2\/posts\/2395\/revisions"}],"predecessor-version":[{"id":2396,"href":"https:\/\/capacitacaoeggp.vr.uff.br\/index.php?rest_route=\/wp\/v2\/posts\/2395\/revisions\/2396"}],"wp:attachment":[{"href":"https:\/\/capacitacaoeggp.vr.uff.br\/index.php?rest_route=%2Fwp%2Fv2%2Fmedia&parent=2395"}],"wp:term":[{"taxonomy":"category","embeddable":true,"href":"https:\/\/capacitacaoeggp.vr.uff.br\/index.php?rest_route=%2Fwp%2Fv2%2Fcategories&post=2395"},{"taxonomy":"post_tag","embeddable":true,"href":"https:\/\/capacitacaoeggp.vr.uff.br\/index.php?rest_route=%2Fwp%2Fv2%2Ftags&post=2395"}],"curies":[{"name":"wp","href":"https:\/\/api.w.org\/{rel}","templated":true}]}}