{"id":3317,"date":"2024-10-07T08:00:00","date_gmt":"2024-10-07T11:00:00","guid":{"rendered":"https:\/\/capacitacaoeggp.vr.uff.br\/?p=3317"},"modified":"2024-10-04T14:10:44","modified_gmt":"2024-10-04T17:10:44","slug":"inscricoes-abertas-curso-aspectos-pedagogicos-de-estudantes-com-deficiencia-intelectual-transtorno-do-espectro-autista-e-transtorno-do-deficit-de-atencao-e-hiperatividade-no-ensino-superior","status":"publish","type":"post","link":"https:\/\/capacitacaoeggp.vr.uff.br\/?p=3317","title":{"rendered":"Inscri\u00e7\u00f5es abertas: Curso ASPECTOS PEDAG\u00d3GICOS DE ESTUDANTES COM DEFICI\u00caNCIA INTELECTUAL, TRANSTORNO DO ESPECTRO AUTISTA E TRANSTORNO DO D\u00c9FICIT DE ATEN\u00c7\u00c3O E HIPERATIVIDADE NO ENSINO SUPERIOR."},"content":{"rendered":"\n<p class=\"has-black-color has-text-color\" style=\"font-size:18px\"><strong>No per\u00edodo de\u00a007\/10\/2024 a \u00a025\/10\/2024<\/strong>,\u00a0estar\u00e3o abertas as inscri\u00e7\u00f5es do curso ASPECTOS PEDAG\u00d3GICOS DE ESTUDANTES COM DEFICI\u00caNCIA INTELECTUAL, TRANSTORNO DO ESPECTRO AUTISTA E TRANSTORNO DO D\u00c9FICIT DE ATEN\u00c7\u00c3O E HIPERATIVIDADE NO ENSINO SUPERIOR.<\/p>\n\n\n\n<p class=\"has-black-color has-text-color\" style=\"font-size:18px\">O curso acontecer\u00e1 entre os dias<strong>&nbsp;01\/11\/2024 at\u00e9 06\/12\/2024<\/strong>&nbsp;de forma remota pelo Google Meet.&nbsp;<\/p>\n\n\n\n<p class=\"has-black-color has-text-color\" style=\"font-size:18px\"><strong>Hor\u00e1rio do curso:<\/strong><br>4 encontros s\u00edncronos, nas sextas-feiras, de 14h \u00e0s 17h<br>4 atividades ass\u00edncronas com dura\u00e7\u00e3o de 2h cada<\/p>\n\n\n\n<p class=\"has-black-color has-text-color\" style=\"font-size:18px\"><strong>PR\u00c9-REQUISITO:&nbsp;<\/strong>Computador\/Notebook com acesso \u00e0 internet, equipado com webcam e microfone. IdUFF e e-mail institucional @<a href=\"http:\/\/id.uff.br\/\" target=\"_blank\" rel=\"noreferrer noopener\">id.uff.br<\/a><\/p>\n\n\n\n<p class=\"has-text-align-justify has-black-color has-text-color\" style=\"font-size:18px\"><strong>Objetivo Geral:&nbsp;<\/strong>Capacitar servidores docentes, TAEs e pedagogos para a compreens\u00e3o das especificidades pedag\u00f3gicas de estudantes com defici\u00eancia intelectual (DI), estudantes dentro do transtorno do espectro autista (TEA) e estudantes com transtorno do d\u00e9ficit de aten\u00e7\u00e3o e hiperatividade (TDAH), visando a cria\u00e7\u00e3o de estrat\u00e9gias que facilitem a intera\u00e7\u00e3o social e o processo de ensino-aprendizagem no ensino superior.<\/p>\n\n\n\n<p class=\"has-black-color has-text-color\" style=\"font-size:18px\"><a rel=\"noreferrer noopener\" href=\"https:\/\/forms.gle\/oSZgw3Zzk5peyegM7\" target=\"_blank\" class=\"ek-link\">Formul\u00e1rio de inscri\u00e7\u00e3o<\/a><\/p>\n\n\n\n<p class=\"has-black-color has-text-color\" style=\"font-size:18px\"><a rel=\"noreferrer noopener\" href=\"https:\/\/drive.google.com\/file\/d\/1Rl9KXEJY7LU_SmA2LZZSC8cK-v9R9XbG\/view?usp=sharing\" target=\"_blank\" class=\"ek-link\">Plano de Curso<\/a><\/p>\n","protected":false},"excerpt":{"rendered":"<p>No per\u00edodo de\u00a007\/10\/2024 a \u00a025\/10\/2024,\u00a0estar\u00e3o abertas as inscri\u00e7\u00f5es do curso ASPECTOS PEDAG\u00d3GICOS DE ESTUDANTES COM DEFICI\u00caNCIA INTELECTUAL, TRANSTORNO DO ESPECTRO AUTISTA E TRANSTORNO DO D\u00c9FICIT DE ATEN\u00c7\u00c3O E HIPERATIVIDADE NO ENSINO SUPERIOR. O curso acontecer\u00e1 entre os dias&nbsp;01\/11\/2024 at\u00e9 06\/12\/2024&nbsp;de forma remota pelo Google Meet.&nbsp; Hor\u00e1rio do curso:4 encontros s\u00edncronos, nas sextas-feiras, de 14h \u00e0s&hellip;<\/p>\n","protected":false},"author":6,"featured_media":0,"comment_status":"open","ping_status":"open","sticky":false,"template":"","format":"standard","meta":{"_editorskit_title_hidden":false,"_editorskit_reading_time":0,"_editorskit_is_block_options_detached":false,"_editorskit_block_options_position":"{}","_monsterinsights_skip_tracking":false,"_monsterinsights_sitenote_active":false,"_monsterinsights_sitenote_note":"","_monsterinsights_sitenote_category":0},"categories":[1],"tags":[],"gutentor_comment":1,"_links":{"self":[{"href":"https:\/\/capacitacaoeggp.vr.uff.br\/index.php?rest_route=\/wp\/v2\/posts\/3317"}],"collection":[{"href":"https:\/\/capacitacaoeggp.vr.uff.br\/index.php?rest_route=\/wp\/v2\/posts"}],"about":[{"href":"https:\/\/capacitacaoeggp.vr.uff.br\/index.php?rest_route=\/wp\/v2\/types\/post"}],"author":[{"embeddable":true,"href":"https:\/\/capacitacaoeggp.vr.uff.br\/index.php?rest_route=\/wp\/v2\/users\/6"}],"replies":[{"embeddable":true,"href":"https:\/\/capacitacaoeggp.vr.uff.br\/index.php?rest_route=%2Fwp%2Fv2%2Fcomments&post=3317"}],"version-history":[{"count":1,"href":"https:\/\/capacitacaoeggp.vr.uff.br\/index.php?rest_route=\/wp\/v2\/posts\/3317\/revisions"}],"predecessor-version":[{"id":3318,"href":"https:\/\/capacitacaoeggp.vr.uff.br\/index.php?rest_route=\/wp\/v2\/posts\/3317\/revisions\/3318"}],"wp:attachment":[{"href":"https:\/\/capacitacaoeggp.vr.uff.br\/index.php?rest_route=%2Fwp%2Fv2%2Fmedia&parent=3317"}],"wp:term":[{"taxonomy":"category","embeddable":true,"href":"https:\/\/capacitacaoeggp.vr.uff.br\/index.php?rest_route=%2Fwp%2Fv2%2Fcategories&post=3317"},{"taxonomy":"post_tag","embeddable":true,"href":"https:\/\/capacitacaoeggp.vr.uff.br\/index.php?rest_route=%2Fwp%2Fv2%2Ftags&post=3317"}],"curies":[{"name":"wp","href":"https:\/\/api.w.org\/{rel}","templated":true}]}}