{"id":4119,"date":"2026-01-06T09:44:16","date_gmt":"2026-01-06T12:44:16","guid":{"rendered":"https:\/\/capacitacaoeggp.vr.uff.br\/?p=4119"},"modified":"2026-01-06T09:44:17","modified_gmt":"2026-01-06T12:44:17","slug":"curso-classroom-e-meet-descomplicados-2026","status":"publish","type":"post","link":"https:\/\/capacitacaoeggp.vr.uff.br\/?p=4119","title":{"rendered":"Curso Classroom e Meet Descomplicados &#8211; 2026"},"content":{"rendered":"\n<p class=\"has-black-color has-text-color\" style=\"font-size:17px\">A EGGP\/Progepe abre inscri\u00e7\u00f5es para o curso <strong>Classroom e Meet Descomplicados &#8211; 2026.<\/strong><\/p>\n\n\n\n<p class=\"has-text-align-justify has-black-color has-text-color\" style=\"font-size:17px\">Esta capacita\u00e7\u00e3o abordar\u00e1 a utiliza\u00e7\u00e3o eficiente da Plataforma de Ensino \u00e0 dist\u00e2ncia Google Classroom e o seu aplicativo de videoconfer\u00eancia Google Meet. O principal objetivo do curso \u00e9&nbsp; capacitar e treinar os servidores de modo que possam desenvolver habilidades para utilizar softwares e plataformas virtuais de aprendizado que possibilitem o desenvolvimento de suas atividades de ensino no \u00e2mbito da universidade.<\/p>\n\n\n\n<p class=\"has-text-align-justify has-black-color has-text-color\" style=\"font-size:17px\">As aulas ocorrer\u00e3o na modalidade de ensino \u00e0 dist\u00e2ncia (EAD), no formato autoinstrucional, com 20 horas de carga hor\u00e1ria. O conte\u00fado ser\u00e1 apresentado atrav\u00e9s de videoaulas disponibilizadas na plataforma moodle da EGGP.&nbsp;<\/p>\n\n\n\n<p class=\"has-black-color has-text-color\" style=\"font-size:17px\">Per\u00edodo de realiza\u00e7\u00e3o do curso: 23\/02 a 08\/03\/2026.&nbsp;<\/p>\n\n\n\n<p class=\"has-black-color has-text-color\" style=\"font-size:17px\">As inscri\u00e7\u00f5es dever\u00e3o ser realizadas at\u00e9 06\/02\/2026<\/p>\n\n\n\n<p class=\"has-black-color has-text-color\" style=\"font-size:17px\">Segue o link para realizar a inscri\u00e7\u00e3o: <a href=\"https:\/\/inscricoes.eggp.uff.br\/inscricao\/?id=13754\" target=\"_blank\" aria-label=\" (opens in a new tab)\" rel=\"noreferrer noopener\" class=\"ek-link\">https:\/\/inscricoes.eggp.uff.br\/inscricao\/?id=13754<\/a><\/p>\n","protected":false},"excerpt":{"rendered":"<p>A EGGP\/Progepe abre inscri\u00e7\u00f5es para o curso Classroom e Meet Descomplicados &#8211; 2026. Esta capacita\u00e7\u00e3o abordar\u00e1 a utiliza\u00e7\u00e3o eficiente da Plataforma de Ensino \u00e0 dist\u00e2ncia Google Classroom e o seu aplicativo de videoconfer\u00eancia Google Meet. O principal objetivo do curso \u00e9&nbsp; capacitar e treinar os servidores de modo que possam desenvolver habilidades para utilizar softwares&hellip;<\/p>\n","protected":false},"author":6,"featured_media":0,"comment_status":"open","ping_status":"open","sticky":false,"template":"","format":"standard","meta":{"_editorskit_title_hidden":false,"_editorskit_reading_time":0,"_editorskit_is_block_options_detached":false,"_editorskit_block_options_position":"{}","_monsterinsights_skip_tracking":false,"_monsterinsights_sitenote_active":false,"_monsterinsights_sitenote_note":"","_monsterinsights_sitenote_category":0},"categories":[1],"tags":[],"gutentor_comment":2,"_links":{"self":[{"href":"https:\/\/capacitacaoeggp.vr.uff.br\/index.php?rest_route=\/wp\/v2\/posts\/4119"}],"collection":[{"href":"https:\/\/capacitacaoeggp.vr.uff.br\/index.php?rest_route=\/wp\/v2\/posts"}],"about":[{"href":"https:\/\/capacitacaoeggp.vr.uff.br\/index.php?rest_route=\/wp\/v2\/types\/post"}],"author":[{"embeddable":true,"href":"https:\/\/capacitacaoeggp.vr.uff.br\/index.php?rest_route=\/wp\/v2\/users\/6"}],"replies":[{"embeddable":true,"href":"https:\/\/capacitacaoeggp.vr.uff.br\/index.php?rest_route=%2Fwp%2Fv2%2Fcomments&post=4119"}],"version-history":[{"count":1,"href":"https:\/\/capacitacaoeggp.vr.uff.br\/index.php?rest_route=\/wp\/v2\/posts\/4119\/revisions"}],"predecessor-version":[{"id":4120,"href":"https:\/\/capacitacaoeggp.vr.uff.br\/index.php?rest_route=\/wp\/v2\/posts\/4119\/revisions\/4120"}],"wp:attachment":[{"href":"https:\/\/capacitacaoeggp.vr.uff.br\/index.php?rest_route=%2Fwp%2Fv2%2Fmedia&parent=4119"}],"wp:term":[{"taxonomy":"category","embeddable":true,"href":"https:\/\/capacitacaoeggp.vr.uff.br\/index.php?rest_route=%2Fwp%2Fv2%2Fcategories&post=4119"},{"taxonomy":"post_tag","embeddable":true,"href":"https:\/\/capacitacaoeggp.vr.uff.br\/index.php?rest_route=%2Fwp%2Fv2%2Ftags&post=4119"}],"curies":[{"name":"wp","href":"https:\/\/api.w.org\/{rel}","templated":true}]}}