{"id":4126,"date":"2026-01-08T15:02:25","date_gmt":"2026-01-08T18:02:25","guid":{"rendered":"https:\/\/capacitacaoeggp.vr.uff.br\/?p=4126"},"modified":"2026-01-08T15:02:25","modified_gmt":"2026-01-08T18:02:25","slug":"publicacao-dos-anais-do-iv-seminario-cientifico-dos-servidores-da-uff-secien-uff-2025","status":"publish","type":"post","link":"https:\/\/capacitacaoeggp.vr.uff.br\/?p=4126","title":{"rendered":"Publica\u00e7\u00e3o dos Anais do IV Semin\u00e1rio Cient\u00edfico dos Servidores da UFF &#8211; SECIEN UFF 2025"},"content":{"rendered":"\n<p class=\"has-black-color has-text-color\" style=\"font-size:17px\">Prezados(as),<\/p>\n\n\n\n<p class=\"has-text-align-justify has-black-color has-text-color\" style=\"font-size:17px\">\u00c9 com imenso prazer que divulgamos a publica\u00e7\u00e3o dos&nbsp;<strong>Anais do IV Semin\u00e1rio Cient\u00edfico dos Servidores da UFF \u2013 SECIENUFF 2025<\/strong>, que re\u00fanem os trabalhos apresentados durante o evento e refletem a diversidade, a qualidade e o compromisso da Universidade Federal Fluminense com a produ\u00e7\u00e3o e a socializa\u00e7\u00e3o do conhecimento cient\u00edfico.<\/p>\n\n\n\n<p class=\"has-text-align-justify has-black-color has-text-color\" style=\"font-size:17px\">A publica\u00e7\u00e3o dos Anais representa um marco importante para o fortalecimento da pesquisa, da extens\u00e3o e da valoriza\u00e7\u00e3o dos(as) servidores(as) da UFF, al\u00e9m de assegurar o registro institucional e o acesso p\u00fablico \u00e0s contribui\u00e7\u00f5es apresentadas.<\/p>\n\n\n\n<p class=\"has-text-align-justify has-black-color has-text-color\" style=\"font-size:17px\">Aproveitamos a oportunidade para agradecer, de forma especial, a todos(as) os(as) autores(as), avaliadores(as), mediadores(as), equipes de apoio e colaboradores(as) que tornaram poss\u00edvel a realiza\u00e7\u00e3o do IV SECIENUFF 2025 e a consolida\u00e7\u00e3o desta publica\u00e7\u00e3o.<\/p>\n\n\n\n<p class=\"has-text-align-justify has-black-color has-text-color\" style=\"font-size:17px\">Certos de que os Anais contribuir\u00e3o significativamente para o debate acad\u00eamico e institucional, renovamos nossos agradecimentos e votos de sucesso a todos(as) os(as) envolvidos(as).<\/p>\n\n\n\n<p class=\"has-black-color has-text-color\" style=\"font-size:17px\">Acesse os Anais neste\u00a0<a rel=\"noreferrer noopener\" href=\"https:\/\/capacitacaoeggp.vr.uff.br\/wp-content\/uploads\/2025\/12\/ANAIS-IV-SecienUFF-2025-finalizado.pdf\" target=\"_blank\" class=\"ek-link\">link<\/a>.<\/p>\n","protected":false},"excerpt":{"rendered":"<p>Prezados(as), \u00c9 com imenso prazer que divulgamos a publica\u00e7\u00e3o dos&nbsp;Anais do IV Semin\u00e1rio Cient\u00edfico dos Servidores da UFF \u2013 SECIENUFF 2025, que re\u00fanem os trabalhos apresentados durante o evento e refletem a diversidade, a qualidade e o compromisso da Universidade Federal Fluminense com a produ\u00e7\u00e3o e a socializa\u00e7\u00e3o do conhecimento cient\u00edfico. A publica\u00e7\u00e3o dos Anais&hellip;<\/p>\n","protected":false},"author":6,"featured_media":0,"comment_status":"open","ping_status":"open","sticky":false,"template":"","format":"standard","meta":{"_editorskit_title_hidden":false,"_editorskit_reading_time":0,"_editorskit_is_block_options_detached":false,"_editorskit_block_options_position":"{}","_monsterinsights_skip_tracking":false,"_monsterinsights_sitenote_active":false,"_monsterinsights_sitenote_note":"","_monsterinsights_sitenote_category":0},"categories":[1],"tags":[],"gutentor_comment":0,"_links":{"self":[{"href":"https:\/\/capacitacaoeggp.vr.uff.br\/index.php?rest_route=\/wp\/v2\/posts\/4126"}],"collection":[{"href":"https:\/\/capacitacaoeggp.vr.uff.br\/index.php?rest_route=\/wp\/v2\/posts"}],"about":[{"href":"https:\/\/capacitacaoeggp.vr.uff.br\/index.php?rest_route=\/wp\/v2\/types\/post"}],"author":[{"embeddable":true,"href":"https:\/\/capacitacaoeggp.vr.uff.br\/index.php?rest_route=\/wp\/v2\/users\/6"}],"replies":[{"embeddable":true,"href":"https:\/\/capacitacaoeggp.vr.uff.br\/index.php?rest_route=%2Fwp%2Fv2%2Fcomments&post=4126"}],"version-history":[{"count":1,"href":"https:\/\/capacitacaoeggp.vr.uff.br\/index.php?rest_route=\/wp\/v2\/posts\/4126\/revisions"}],"predecessor-version":[{"id":4127,"href":"https:\/\/capacitacaoeggp.vr.uff.br\/index.php?rest_route=\/wp\/v2\/posts\/4126\/revisions\/4127"}],"wp:attachment":[{"href":"https:\/\/capacitacaoeggp.vr.uff.br\/index.php?rest_route=%2Fwp%2Fv2%2Fmedia&parent=4126"}],"wp:term":[{"taxonomy":"category","embeddable":true,"href":"https:\/\/capacitacaoeggp.vr.uff.br\/index.php?rest_route=%2Fwp%2Fv2%2Fcategories&post=4126"},{"taxonomy":"post_tag","embeddable":true,"href":"https:\/\/capacitacaoeggp.vr.uff.br\/index.php?rest_route=%2Fwp%2Fv2%2Ftags&post=4126"}],"curies":[{"name":"wp","href":"https:\/\/api.w.org\/{rel}","templated":true}]}}