{"id":4140,"date":"2026-01-08T16:36:37","date_gmt":"2026-01-08T19:36:37","guid":{"rendered":"https:\/\/capacitacaoeggp.vr.uff.br\/?p=4140"},"modified":"2026-01-08T16:37:02","modified_gmt":"2026-01-08T19:37:02","slug":"curso-de-aperfeicoamento-docente-em-praticas-inovadoras-de-ensino","status":"publish","type":"post","link":"https:\/\/capacitacaoeggp.vr.uff.br\/?p=4140","title":{"rendered":"Curso de Aperfei\u00e7oamento Docente em Pr\u00e1ticas Inovadoras de Ensino"},"content":{"rendered":"\n<p class=\"has-black-color has-text-color\" style=\"font-size:17px\">Aten\u00e7\u00e3o, docentes!<\/p>\n\n\n\n<p class=\"has-black-color has-text-color\" style=\"font-size:17px\">Est\u00e3o abertas as inscri\u00e7\u00f5es para:<\/p>\n\n\n\n<p class=\"has-text-align-justify has-black-color has-text-color\" style=\"font-size:17px\">O curso de<strong>&nbsp;Aperfei\u00e7oamento Docente em Pr\u00e1ticas Inovadoras de Ensino&nbsp;<\/strong>que acontecer\u00e1 presencialmente entre os dias&nbsp;02\/03\/2026 a&nbsp;05\/03\/2026 no hor\u00e1rio de 8h30 \u00e0s 18h, tendo o total de 28h de capacita\u00e7\u00e3o. O curso ser\u00e1 realizado no campus do Gragoat\u00e1 (Bloco A) em Niter\u00f3i (sala a definir).&nbsp;<\/p>\n\n\n\n<p class=\"has-text-align-justify has-black-color has-text-color\" style=\"font-size:17px\">O curso ser\u00e1 oferecido em parceria com a equipe do Proiac com metodologia interativa, baseada na troca de experi\u00eancias&nbsp;entre os docentes. N\u00famero de vagas dispon\u00edveis: 30 vagas.&nbsp;<\/p>\n\n\n\n<p class=\"has-black-color has-text-color\" style=\"font-size:17px\">Para realizar a sua inscri\u00e7\u00e3o favor clicar no link abaixo:<\/p>\n\n\n\n<p class=\"has-black-color has-text-color\" style=\"font-size:17px\"><a href=\"https:\/\/inscricoes.eggp.uff.br\/inscricao\/?id=13749\" target=\"_blank\" aria-label=\" (opens in a new tab)\" rel=\"noreferrer noopener\" class=\"ek-link\">https:\/\/inscricoes.eggp.uff.br\/inscricao\/?id=13749<\/a><\/p>\n","protected":false},"excerpt":{"rendered":"<p>Aten\u00e7\u00e3o, docentes! Est\u00e3o abertas as inscri\u00e7\u00f5es para: O curso de&nbsp;Aperfei\u00e7oamento Docente em Pr\u00e1ticas Inovadoras de Ensino&nbsp;que acontecer\u00e1 presencialmente entre os dias&nbsp;02\/03\/2026 a&nbsp;05\/03\/2026 no hor\u00e1rio de 8h30 \u00e0s 18h, tendo o total de 28h de capacita\u00e7\u00e3o. O curso ser\u00e1 realizado no campus do Gragoat\u00e1 (Bloco A) em Niter\u00f3i (sala a definir).&nbsp; O curso ser\u00e1 oferecido em&hellip;<\/p>\n","protected":false},"author":6,"featured_media":0,"comment_status":"open","ping_status":"open","sticky":false,"template":"","format":"standard","meta":{"_editorskit_title_hidden":false,"_editorskit_reading_time":0,"_editorskit_is_block_options_detached":false,"_editorskit_block_options_position":"{}","_monsterinsights_skip_tracking":false,"_monsterinsights_sitenote_active":false,"_monsterinsights_sitenote_note":"","_monsterinsights_sitenote_category":0},"categories":[1],"tags":[],"gutentor_comment":0,"_links":{"self":[{"href":"https:\/\/capacitacaoeggp.vr.uff.br\/index.php?rest_route=\/wp\/v2\/posts\/4140"}],"collection":[{"href":"https:\/\/capacitacaoeggp.vr.uff.br\/index.php?rest_route=\/wp\/v2\/posts"}],"about":[{"href":"https:\/\/capacitacaoeggp.vr.uff.br\/index.php?rest_route=\/wp\/v2\/types\/post"}],"author":[{"embeddable":true,"href":"https:\/\/capacitacaoeggp.vr.uff.br\/index.php?rest_route=\/wp\/v2\/users\/6"}],"replies":[{"embeddable":true,"href":"https:\/\/capacitacaoeggp.vr.uff.br\/index.php?rest_route=%2Fwp%2Fv2%2Fcomments&post=4140"}],"version-history":[{"count":2,"href":"https:\/\/capacitacaoeggp.vr.uff.br\/index.php?rest_route=\/wp\/v2\/posts\/4140\/revisions"}],"predecessor-version":[{"id":4142,"href":"https:\/\/capacitacaoeggp.vr.uff.br\/index.php?rest_route=\/wp\/v2\/posts\/4140\/revisions\/4142"}],"wp:attachment":[{"href":"https:\/\/capacitacaoeggp.vr.uff.br\/index.php?rest_route=%2Fwp%2Fv2%2Fmedia&parent=4140"}],"wp:term":[{"taxonomy":"category","embeddable":true,"href":"https:\/\/capacitacaoeggp.vr.uff.br\/index.php?rest_route=%2Fwp%2Fv2%2Fcategories&post=4140"},{"taxonomy":"post_tag","embeddable":true,"href":"https:\/\/capacitacaoeggp.vr.uff.br\/index.php?rest_route=%2Fwp%2Fv2%2Ftags&post=4140"}],"curies":[{"name":"wp","href":"https:\/\/api.w.org\/{rel}","templated":true}]}}