{"id":4143,"date":"2026-01-08T16:38:52","date_gmt":"2026-01-08T19:38:52","guid":{"rendered":"https:\/\/capacitacaoeggp.vr.uff.br\/?p=4143"},"modified":"2026-01-08T16:38:52","modified_gmt":"2026-01-08T19:38:52","slug":"workshop-de-saude-vocal-3","status":"publish","type":"post","link":"https:\/\/capacitacaoeggp.vr.uff.br\/?p=4143","title":{"rendered":"Workshop de Sa\u00fade Vocal"},"content":{"rendered":"\n<p class=\"has-text-align-justify has-black-color has-text-color\" style=\"font-size:17px\">O&nbsp;<strong>Workshop de Sa\u00fade Vocal,<\/strong>&nbsp;uma a\u00e7\u00e3o de capacita\u00e7\u00e3o na modalidade a dist\u00e2ncia, voltada \u00e0 promo\u00e7\u00e3o da sa\u00fade e da qualidade de vida docente, por meio de orienta\u00e7\u00f5es e conscientiza\u00e7\u00e3o sobre o uso adequado da voz profissional.<\/p>\n\n\n\n<p class=\"has-text-align-justify has-black-color has-text-color\" style=\"font-size:17px\">O evento ser\u00e1 realizado no dia 27 de fevereiro (sexta-feira), das 10h \u00e0s 12h, por meio da plataforma Google Meet. As inscri\u00e7\u00f5es estar\u00e3o abertas at\u00e9 o dia 12 de fevereiro, com 50 vagas dispon\u00edveis.<br>O Workshop ser\u00e1 ministrado pelas servidoras fonoaudi\u00f3logas Fernanda Botinh\u00e3o Marques e Heloisa Helena Neves e abordar\u00e1 aspectos essenciais da sa\u00fade vocal no exerc\u00edcio das atividades laborais, com foco na preven\u00e7\u00e3o de doen\u00e7as lar\u00edngeas e disfonias.<br>A carga hor\u00e1ria da atividade poder\u00e1 ser utilizada para fins de comprova\u00e7\u00e3o de integraliza\u00e7\u00e3o de horas do Programa de Recep\u00e7\u00e3o Docente (PRD), na modalidade Capacita\u00e7\u00e3o.<br>Para mais informa\u00e7\u00f5es, consulte o\u00a0<a rel=\"noreferrer noopener\" href=\"https:\/\/docs.google.com\/document\/d\/1CwTGWBW05KW9BV26kk9rNrVvmjsB8HWdbNFM8_Ca_4g\/edit?usp=drive_link\" target=\"_blank\" class=\"ek-link\">Plano de Curso<\/a>.<\/p>\n\n\n\n<p class=\"has-black-color has-text-color\" style=\"font-size:17px\">As inscri\u00e7\u00f5es devem ser realizadas pelo link:<br><a rel=\"noreferrer noopener\" href=\"https:\/\/inscricoes.eggp.uff.br\/inscricao\/?id=15163\" target=\"_blank\" class=\"ek-link\">https:\/\/inscricoes.eggp.uff.br\/inscricao\/?id=15163<\/a><\/p>\n","protected":false},"excerpt":{"rendered":"<p>O&nbsp;Workshop de Sa\u00fade Vocal,&nbsp;uma a\u00e7\u00e3o de capacita\u00e7\u00e3o na modalidade a dist\u00e2ncia, voltada \u00e0 promo\u00e7\u00e3o da sa\u00fade e da qualidade de vida docente, por meio de orienta\u00e7\u00f5es e conscientiza\u00e7\u00e3o sobre o uso adequado da voz profissional. O evento ser\u00e1 realizado no dia 27 de fevereiro (sexta-feira), das 10h \u00e0s 12h, por meio da plataforma Google Meet.&hellip;<\/p>\n","protected":false},"author":6,"featured_media":0,"comment_status":"open","ping_status":"open","sticky":false,"template":"","format":"standard","meta":{"_editorskit_title_hidden":false,"_editorskit_reading_time":0,"_editorskit_is_block_options_detached":false,"_editorskit_block_options_position":"{}","_monsterinsights_skip_tracking":false,"_monsterinsights_sitenote_active":false,"_monsterinsights_sitenote_note":"","_monsterinsights_sitenote_category":0},"categories":[1],"tags":[],"gutentor_comment":0,"_links":{"self":[{"href":"https:\/\/capacitacaoeggp.vr.uff.br\/index.php?rest_route=\/wp\/v2\/posts\/4143"}],"collection":[{"href":"https:\/\/capacitacaoeggp.vr.uff.br\/index.php?rest_route=\/wp\/v2\/posts"}],"about":[{"href":"https:\/\/capacitacaoeggp.vr.uff.br\/index.php?rest_route=\/wp\/v2\/types\/post"}],"author":[{"embeddable":true,"href":"https:\/\/capacitacaoeggp.vr.uff.br\/index.php?rest_route=\/wp\/v2\/users\/6"}],"replies":[{"embeddable":true,"href":"https:\/\/capacitacaoeggp.vr.uff.br\/index.php?rest_route=%2Fwp%2Fv2%2Fcomments&post=4143"}],"version-history":[{"count":1,"href":"https:\/\/capacitacaoeggp.vr.uff.br\/index.php?rest_route=\/wp\/v2\/posts\/4143\/revisions"}],"predecessor-version":[{"id":4144,"href":"https:\/\/capacitacaoeggp.vr.uff.br\/index.php?rest_route=\/wp\/v2\/posts\/4143\/revisions\/4144"}],"wp:attachment":[{"href":"https:\/\/capacitacaoeggp.vr.uff.br\/index.php?rest_route=%2Fwp%2Fv2%2Fmedia&parent=4143"}],"wp:term":[{"taxonomy":"category","embeddable":true,"href":"https:\/\/capacitacaoeggp.vr.uff.br\/index.php?rest_route=%2Fwp%2Fv2%2Fcategories&post=4143"},{"taxonomy":"post_tag","embeddable":true,"href":"https:\/\/capacitacaoeggp.vr.uff.br\/index.php?rest_route=%2Fwp%2Fv2%2Ftags&post=4143"}],"curies":[{"name":"wp","href":"https:\/\/api.w.org\/{rel}","templated":true}]}}