{"id":4158,"date":"2026-01-19T10:37:37","date_gmt":"2026-01-19T13:37:37","guid":{"rendered":"https:\/\/capacitacaoeggp.vr.uff.br\/?p=4158"},"modified":"2026-01-19T10:37:38","modified_gmt":"2026-01-19T13:37:38","slug":"curso-siacompras-turma-1-2026","status":"publish","type":"post","link":"https:\/\/capacitacaoeggp.vr.uff.br\/?p=4158","title":{"rendered":"Curso SIACompras &#8211; Turma 1\/2026"},"content":{"rendered":"\n<p class=\"has-black-color has-text-color\" style=\"font-size:17px\">A EGGP\/Progepe abre inscri\u00e7\u00f5es para o curso SIACompras &#8211; Turma 1\/2026<\/p>\n\n\n\n<p class=\"has-text-align-justify has-black-color has-text-color\" style=\"font-size:17px\">O curso ser\u00e1 ofertado de 23\/02 a 04\/03\/2026, de forma remota, por meio da plataforma Google Classroom e do ambiente de homologa\u00e7\u00e3o do SIACompras, conforme metodologia definida no <a href=\"https:\/\/docs.google.com\/document\/d\/1dsc8q9KWWEpbwNmYHovPyr0YlzPLKF9b\/edit?usp=sharing&amp;ouid=104301932161347404565&amp;rtpof=true&amp;sd=true\" target=\"_blank\" aria-label=\" (opens in a new tab)\" rel=\"noreferrer noopener\" class=\"ek-link\">plano de curso<\/a>.<\/p>\n\n\n\n<p class=\"has-black-color has-text-color\" style=\"font-size:17px\">As inscri\u00e7\u00f5es podem ser realizadas at\u00e9 o dia 06\/02\/2026 e os interessados poder\u00e3o se inscrever <a href=\"https:\/\/inscricoes.eggp.uff.br\/inscricao\/?id=15184\" target=\"_blank\" aria-label=\" (opens in a new tab)\" rel=\"noreferrer noopener\" class=\"ek-link\">clicando aqui<\/a>.<\/p>\n\n\n\n<p class=\"has-text-align-justify has-black-color has-text-color\" style=\"font-size:17px\">Ser\u00e3o disponibilizadas at\u00e9 30 vagas para servidores e gestores em efetivo exerc\u00edcio na UFF que atuam na \u00e1rea de compras e planejamento dos recursos or\u00e7ament\u00e1rios nas diversas unidades e nas unidades gestoras. A sele\u00e7\u00e3o dos inscritos seguir\u00e1 os crit\u00e9rios que constam no <a href=\"https:\/\/docs.google.com\/document\/d\/128pb7sJrSIVTheuru1U3mTpqeBBxFz0i\/edit?usp=sharing&amp;ouid=104301932161347404565&amp;rtpof=true&amp;sd=true\" target=\"_blank\" aria-label=\" (opens in a new tab)\" rel=\"noreferrer noopener\" class=\"ek-link\">regulamento do curso<\/a>.<\/p>\n","protected":false},"excerpt":{"rendered":"<p>A EGGP\/Progepe abre inscri\u00e7\u00f5es para o curso SIACompras &#8211; Turma 1\/2026 O curso ser\u00e1 ofertado de 23\/02 a 04\/03\/2026, de forma remota, por meio da plataforma Google Classroom e do ambiente de homologa\u00e7\u00e3o do SIACompras, conforme metodologia definida no plano de curso. As inscri\u00e7\u00f5es podem ser realizadas at\u00e9 o dia 06\/02\/2026 e os interessados poder\u00e3o&hellip;<\/p>\n","protected":false},"author":6,"featured_media":0,"comment_status":"open","ping_status":"open","sticky":false,"template":"","format":"standard","meta":{"_editorskit_title_hidden":false,"_editorskit_reading_time":0,"_editorskit_is_block_options_detached":false,"_editorskit_block_options_position":"{}","_monsterinsights_skip_tracking":false,"_monsterinsights_sitenote_active":false,"_monsterinsights_sitenote_note":"","_monsterinsights_sitenote_category":0},"categories":[1],"tags":[],"gutentor_comment":0,"_links":{"self":[{"href":"https:\/\/capacitacaoeggp.vr.uff.br\/index.php?rest_route=\/wp\/v2\/posts\/4158"}],"collection":[{"href":"https:\/\/capacitacaoeggp.vr.uff.br\/index.php?rest_route=\/wp\/v2\/posts"}],"about":[{"href":"https:\/\/capacitacaoeggp.vr.uff.br\/index.php?rest_route=\/wp\/v2\/types\/post"}],"author":[{"embeddable":true,"href":"https:\/\/capacitacaoeggp.vr.uff.br\/index.php?rest_route=\/wp\/v2\/users\/6"}],"replies":[{"embeddable":true,"href":"https:\/\/capacitacaoeggp.vr.uff.br\/index.php?rest_route=%2Fwp%2Fv2%2Fcomments&post=4158"}],"version-history":[{"count":1,"href":"https:\/\/capacitacaoeggp.vr.uff.br\/index.php?rest_route=\/wp\/v2\/posts\/4158\/revisions"}],"predecessor-version":[{"id":4159,"href":"https:\/\/capacitacaoeggp.vr.uff.br\/index.php?rest_route=\/wp\/v2\/posts\/4158\/revisions\/4159"}],"wp:attachment":[{"href":"https:\/\/capacitacaoeggp.vr.uff.br\/index.php?rest_route=%2Fwp%2Fv2%2Fmedia&parent=4158"}],"wp:term":[{"taxonomy":"category","embeddable":true,"href":"https:\/\/capacitacaoeggp.vr.uff.br\/index.php?rest_route=%2Fwp%2Fv2%2Fcategories&post=4158"},{"taxonomy":"post_tag","embeddable":true,"href":"https:\/\/capacitacaoeggp.vr.uff.br\/index.php?rest_route=%2Fwp%2Fv2%2Ftags&post=4158"}],"curies":[{"name":"wp","href":"https:\/\/api.w.org\/{rel}","templated":true}]}}