{"id":4249,"date":"2026-03-05T10:13:12","date_gmt":"2026-03-05T13:13:12","guid":{"rendered":"https:\/\/capacitacaoeggp.vr.uff.br\/?p=4249"},"modified":"2026-03-05T10:13:13","modified_gmt":"2026-03-05T13:13:13","slug":"curso-de-aperfeicoamento-docente-modulo-saude-mental","status":"publish","type":"post","link":"https:\/\/capacitacaoeggp.vr.uff.br\/?p=4249","title":{"rendered":"Curso de Aperfei\u00e7oamento Docente &#8211; M\u00f3dulo Sa\u00fade Mental"},"content":{"rendered":"\n<p class=\"has-text-align-justify has-black-color has-text-color\" style=\"font-size:17px\">A Escola de Governan\u00e7a e Gest\u00e3o P\u00fablica (EGGP\/Progepe), informa que est\u00e3o abertas as inscri\u00e7\u00f5es para o m\u00f3dulo <strong>Sa\u00fade Mental<\/strong>, integrante da trilha do <strong>Curso de Gest\u00e3o Universit\u00e1ria do Aperfei\u00e7oamento Docente da UFF \u2013 2026<\/strong>.<\/p>\n\n\n\n<p class=\"has-text-align-justify has-black-color has-text-color\" style=\"font-size:17px\">O m\u00f3dulo tem como objetivo acolher e sensibilizar os servidores docentes para a compreens\u00e3o, orienta\u00e7\u00e3o e encaminhamento das quest\u00f5es relacionadas \u00e0 sa\u00fade mental dos estudantes, considerando aspectos biopsicossociais e pedag\u00f3gicos.<\/p>\n\n\n\n<p class=\"has-text-align-justify has-black-color has-text-color\" style=\"font-size:17px\">A forma\u00e7\u00e3o ser\u00e1 oferecida em formato remoto, com carga hor\u00e1ria total de 30 horas, sendo 21 horas destinadas a atividades s\u00edncronas e 9 horas a atividades ass\u00edncronas. Os encontros poder\u00e3o ser gravados pelo instrutor e disponibilizados aos participantes durante o per\u00edodo do curso, que ocorrer\u00e1 de <strong>9 de abril a 28 de maio de 2026<\/strong>.<\/p>\n\n\n\n<p class=\"has-text-align-justify has-black-color has-text-color\" style=\"font-size:17px\">As inscri\u00e7\u00f5es acontecem entre os dias <strong>09 e 27 de mar\u00e7o de 2026<\/strong>. <a href=\"https:\/\/inscricoes.eggp.uff.br\/inscricao\/?id=13537\" target=\"_blank\" aria-label=\" (opens in a new tab)\" rel=\"noreferrer noopener\" class=\"ek-link\">Acesse aqui<\/a><\/p>\n\n\n\n<p class=\"has-text-align-justify has-black-color has-text-color\" style=\"font-size:17px\">Para informa\u00e7\u00f5es detalhadas sobre conte\u00fados, metodologia e objetivos, os interessados poder\u00e3o consultar o <a href=\"https:\/\/drive.google.com\/file\/d\/1j7ppmw0-K2OlinydM3Xc7nFud2sf8VRh\/view?usp=sharing\" target=\"_blank\" aria-label=\" (opens in a new tab)\" rel=\"noreferrer noopener\" class=\"ek-link\">Plano de Curso<\/a>.<\/p>\n","protected":false},"excerpt":{"rendered":"<p>A Escola de Governan\u00e7a e Gest\u00e3o P\u00fablica (EGGP\/Progepe), informa que est\u00e3o abertas as inscri\u00e7\u00f5es para o m\u00f3dulo Sa\u00fade Mental, integrante da trilha do Curso de Gest\u00e3o Universit\u00e1ria do Aperfei\u00e7oamento Docente da UFF \u2013 2026. O m\u00f3dulo tem como objetivo acolher e sensibilizar os servidores docentes para a compreens\u00e3o, orienta\u00e7\u00e3o e encaminhamento das quest\u00f5es relacionadas \u00e0&hellip;<\/p>\n","protected":false},"author":6,"featured_media":0,"comment_status":"open","ping_status":"open","sticky":false,"template":"","format":"standard","meta":{"_editorskit_title_hidden":false,"_editorskit_reading_time":0,"_editorskit_is_block_options_detached":false,"_editorskit_block_options_position":"{}","_monsterinsights_skip_tracking":false,"_monsterinsights_sitenote_active":false,"_monsterinsights_sitenote_note":"","_monsterinsights_sitenote_category":0},"categories":[1],"tags":[],"gutentor_comment":0,"_links":{"self":[{"href":"https:\/\/capacitacaoeggp.vr.uff.br\/index.php?rest_route=\/wp\/v2\/posts\/4249"}],"collection":[{"href":"https:\/\/capacitacaoeggp.vr.uff.br\/index.php?rest_route=\/wp\/v2\/posts"}],"about":[{"href":"https:\/\/capacitacaoeggp.vr.uff.br\/index.php?rest_route=\/wp\/v2\/types\/post"}],"author":[{"embeddable":true,"href":"https:\/\/capacitacaoeggp.vr.uff.br\/index.php?rest_route=\/wp\/v2\/users\/6"}],"replies":[{"embeddable":true,"href":"https:\/\/capacitacaoeggp.vr.uff.br\/index.php?rest_route=%2Fwp%2Fv2%2Fcomments&post=4249"}],"version-history":[{"count":1,"href":"https:\/\/capacitacaoeggp.vr.uff.br\/index.php?rest_route=\/wp\/v2\/posts\/4249\/revisions"}],"predecessor-version":[{"id":4250,"href":"https:\/\/capacitacaoeggp.vr.uff.br\/index.php?rest_route=\/wp\/v2\/posts\/4249\/revisions\/4250"}],"wp:attachment":[{"href":"https:\/\/capacitacaoeggp.vr.uff.br\/index.php?rest_route=%2Fwp%2Fv2%2Fmedia&parent=4249"}],"wp:term":[{"taxonomy":"category","embeddable":true,"href":"https:\/\/capacitacaoeggp.vr.uff.br\/index.php?rest_route=%2Fwp%2Fv2%2Fcategories&post=4249"},{"taxonomy":"post_tag","embeddable":true,"href":"https:\/\/capacitacaoeggp.vr.uff.br\/index.php?rest_route=%2Fwp%2Fv2%2Ftags&post=4249"}],"curies":[{"name":"wp","href":"https:\/\/api.w.org\/{rel}","templated":true}]}}