{"id":4475,"date":"2026-09-03T09:51:42","date_gmt":"2026-09-03T12:51:42","guid":{"rendered":"https:\/\/capacitacaoeggp.vr.uff.br\/?p=4475"},"modified":"2026-09-03T09:51:43","modified_gmt":"2026-09-03T12:51:43","slug":"workshop-de-saude-vocal-4","status":"publish","type":"post","link":"https:\/\/capacitacaoeggp.vr.uff.br\/?p=4475","title":{"rendered":"Workshop de Sa\u00fade Vocal"},"content":{"rendered":"\n<p class=\"has-text-align-justify has-black-color has-text-color\" style=\"font-size:17px\">Est\u00e3o abertas as inscri\u00e7\u00f5es do Workshop de Sa\u00fade Vocal, uma a\u00e7\u00e3o de capacita\u00e7\u00e3o a dist\u00e2ncia que visa promover a sa\u00fade e a qualidade de vida dos docentes por meio de orienta\u00e7\u00e3o e conscientiza\u00e7\u00e3o quanto ao uso adequado da voz profissional.<\/p>\n\n\n\n<p class=\"has-text-align-justify has-black-color has-text-color\" style=\"font-size:17px\">O evento acontecer\u00e1 no dia 13\/10\/26 (ter\u00e7a-feira) , das 14h \u00e0s 16h,&nbsp;por meio do Google Meet. As inscri\u00e7\u00f5es estar\u00e3o abertas at\u00e9 o dia 02\/10.<\/p>\n\n\n\n<p class=\"has-text-align-justify has-black-color has-text-color\" style=\"font-size:17px\">O workshop ser\u00e1 ministrado pela servidora&nbsp;Fernanda Botinh\u00e3o Marques e abordar\u00e1 os aspectos vocais para o exerc\u00edcio das atividades laborais e a preven\u00e7\u00e3o da ocorr\u00eancia de doen\u00e7as lar\u00edngeas e disfonias.&nbsp;<\/p>\n\n\n\n<p class=\"has-black-color has-text-color\" style=\"font-size:17px\"><strong>Favor usar o e-mail id.UFF para realizar a inscri\u00e7\u00e3o.<\/strong><\/p>\n\n\n\n<p class=\"has-black-color has-text-color\" style=\"font-size:17px\"><a rel=\"noreferrer noopener\" href=\"https:\/\/inscricoes.eggp.uff.br\/inscricao\/?id=17071\" target=\"_blank\" class=\"ek-link\">Clique aqui para fazer a sua inscri\u00e7\u00e3o<\/a>.<\/p>\n","protected":false},"excerpt":{"rendered":"<p>Est\u00e3o abertas as inscri\u00e7\u00f5es do Workshop de Sa\u00fade Vocal, uma a\u00e7\u00e3o de capacita\u00e7\u00e3o a dist\u00e2ncia que visa promover a sa\u00fade e a qualidade de vida dos docentes por meio de orienta\u00e7\u00e3o e conscientiza\u00e7\u00e3o quanto ao uso adequado da voz profissional. O evento acontecer\u00e1 no dia 13\/10\/26 (ter\u00e7a-feira) , das 14h \u00e0s 16h,&nbsp;por meio do Google&hellip;<\/p>\n","protected":false},"author":6,"featured_media":0,"comment_status":"open","ping_status":"open","sticky":false,"template":"","format":"standard","meta":{"_editorskit_title_hidden":false,"_editorskit_reading_time":0,"_editorskit_is_block_options_detached":false,"_editorskit_block_options_position":"{}","_monsterinsights_skip_tracking":false},"categories":[1],"tags":[],"gutentor_comment":0,"_links":{"self":[{"href":"https:\/\/capacitacaoeggp.vr.uff.br\/index.php?rest_route=\/wp\/v2\/posts\/4475"}],"collection":[{"href":"https:\/\/capacitacaoeggp.vr.uff.br\/index.php?rest_route=\/wp\/v2\/posts"}],"about":[{"href":"https:\/\/capacitacaoeggp.vr.uff.br\/index.php?rest_route=\/wp\/v2\/types\/post"}],"author":[{"embeddable":true,"href":"https:\/\/capacitacaoeggp.vr.uff.br\/index.php?rest_route=\/wp\/v2\/users\/6"}],"replies":[{"embeddable":true,"href":"https:\/\/capacitacaoeggp.vr.uff.br\/index.php?rest_route=%2Fwp%2Fv2%2Fcomments&post=4475"}],"version-history":[{"count":1,"href":"https:\/\/capacitacaoeggp.vr.uff.br\/index.php?rest_route=\/wp\/v2\/posts\/4475\/revisions"}],"predecessor-version":[{"id":4476,"href":"https:\/\/capacitacaoeggp.vr.uff.br\/index.php?rest_route=\/wp\/v2\/posts\/4475\/revisions\/4476"}],"wp:attachment":[{"href":"https:\/\/capacitacaoeggp.vr.uff.br\/index.php?rest_route=%2Fwp%2Fv2%2Fmedia&parent=4475"}],"wp:term":[{"taxonomy":"category","embeddable":true,"href":"https:\/\/capacitacaoeggp.vr.uff.br\/index.php?rest_route=%2Fwp%2Fv2%2Fcategories&post=4475"},{"taxonomy":"post_tag","embeddable":true,"href":"https:\/\/capacitacaoeggp.vr.uff.br\/index.php?rest_route=%2Fwp%2Fv2%2Ftags&post=4475"}],"curies":[{"name":"wp","href":"https:\/\/api.w.org\/{rel}","templated":true}]}}