{"id":4478,"date":"2026-09-03T14:03:12","date_gmt":"2026-09-03T17:03:12","guid":{"rendered":"https:\/\/capacitacaoeggp.vr.uff.br\/?p=4478"},"modified":"2026-09-03T14:03:13","modified_gmt":"2026-09-03T17:03:13","slug":"webinar-atualizacoes-siacompras","status":"publish","type":"post","link":"https:\/\/capacitacaoeggp.vr.uff.br\/?p=4478","title":{"rendered":"Webinar Atualiza\u00e7\u00f5es SIACompras"},"content":{"rendered":"\n<p class=\"has-text-align-justify has-black-color has-text-color\" style=\"font-size:17px\">A EGGP\/Progepe comunica a abertura de inscri\u00e7\u00f5es para o <strong>Webinar Atualiza\u00e7\u00f5es SIACompras: apresenta\u00e7\u00e3o das novas funcionalidades do sistema (2025-2026)<\/strong><\/p>\n\n\n\n<p class=\"has-text-align-justify has-black-color has-text-color\" style=\"font-size:17px\">A a\u00e7\u00e3o visa capacitar os usu\u00e1rios do Sistema Integrado de Administra\u00e7\u00e3o de Compras \u2013 SIACompras para o pleno uso das novas funcionalidades do sistema, com foco pr\u00e1tico, para que sejam capazes de utiliz\u00e1-las e multiplicar o conhecimento adquirido aos demais envolvidos em sua unidade.&nbsp;<\/p>\n\n\n\n<p class=\"has-black-color has-text-color\" style=\"font-size:17px\">Data: 07\/10\/2026<\/p>\n\n\n\n<p class=\"has-black-color has-text-color\" style=\"font-size:17px\">Hor\u00e1rio: 14h \u00e0s 17h&nbsp;<\/p>\n\n\n\n<p class=\"has-black-color has-text-color\" style=\"font-size:17px\">Local: Atividade on-line realizada via Meet<\/p>\n\n\n\n<p class=\"has-text-align-justify has-black-color has-text-color\" style=\"font-size:17px\">As inscri\u00e7\u00f5es ocorrer\u00e3o at\u00e9 o dia 25\/09 e os interessados devem se inscrever neste link <a href=\"https:\/\/inscricoes.eggp.uff.br\/inscricao\/?id=17141\" target=\"_blank\" aria-label=\" (opens in a new tab)\" rel=\"noreferrer noopener\" class=\"ek-link\">https:\/\/inscricoes.eggp.uff.br\/inscricao\/?id=17141<\/a> usando o <strong>email institucional (id.uff).<\/strong>\u00a0<\/p>\n\n\n\n<p class=\"has-text-align-justify has-black-color has-text-color\" style=\"font-size:17px\">Os participantes poder\u00e3o interagir e tirar d\u00favidas durante o encontro, bem como compartilhar experi\u00eancias construtivas no uso do sistema em suas unidades.<\/p>\n\n\n\n<p class=\"has-text-align-justify has-black-color has-text-color\" style=\"font-size:17px\">O link de acesso ao webinar ser\u00e1 disponibilizado por e-mail at\u00e9 a data anterior ao dia do encontro.<\/p>\n\n\n\n<p class=\"has-black-color has-text-color\" style=\"font-size:17px\">Para conferir a ementa do Webinar, acesse o link: <a href=\"https:\/\/drive.google.com\/file\/d\/14-nsMhg-x1xxvgKJG524Xn2TvoE4oUEB\/view?usp=sharing\" target=\"_blank\" aria-label=\" (opens in a new tab)\" rel=\"noreferrer noopener\" class=\"ek-link\">https:\/\/drive.google.com\/file\/d\/14-nsMhg-x1xxvgKJG524Xn2TvoE4oUEB\/view?usp=sharing<\/a>\u00a0<\/p>\n","protected":false},"excerpt":{"rendered":"<p>A EGGP\/Progepe comunica a abertura de inscri\u00e7\u00f5es para o Webinar Atualiza\u00e7\u00f5es SIACompras: apresenta\u00e7\u00e3o das novas funcionalidades do sistema (2025-2026) A a\u00e7\u00e3o visa capacitar os usu\u00e1rios do Sistema Integrado de Administra\u00e7\u00e3o de Compras \u2013 SIACompras para o pleno uso das novas funcionalidades do sistema, com foco pr\u00e1tico, para que sejam capazes de utiliz\u00e1-las e multiplicar o&hellip;<\/p>\n","protected":false},"author":6,"featured_media":0,"comment_status":"open","ping_status":"open","sticky":false,"template":"","format":"standard","meta":{"_editorskit_title_hidden":false,"_editorskit_reading_time":0,"_editorskit_is_block_options_detached":false,"_editorskit_block_options_position":"{}","_monsterinsights_skip_tracking":false},"categories":[1],"tags":[],"gutentor_comment":0,"_links":{"self":[{"href":"https:\/\/capacitacaoeggp.vr.uff.br\/index.php?rest_route=\/wp\/v2\/posts\/4478"}],"collection":[{"href":"https:\/\/capacitacaoeggp.vr.uff.br\/index.php?rest_route=\/wp\/v2\/posts"}],"about":[{"href":"https:\/\/capacitacaoeggp.vr.uff.br\/index.php?rest_route=\/wp\/v2\/types\/post"}],"author":[{"embeddable":true,"href":"https:\/\/capacitacaoeggp.vr.uff.br\/index.php?rest_route=\/wp\/v2\/users\/6"}],"replies":[{"embeddable":true,"href":"https:\/\/capacitacaoeggp.vr.uff.br\/index.php?rest_route=%2Fwp%2Fv2%2Fcomments&post=4478"}],"version-history":[{"count":1,"href":"https:\/\/capacitacaoeggp.vr.uff.br\/index.php?rest_route=\/wp\/v2\/posts\/4478\/revisions"}],"predecessor-version":[{"id":4479,"href":"https:\/\/capacitacaoeggp.vr.uff.br\/index.php?rest_route=\/wp\/v2\/posts\/4478\/revisions\/4479"}],"wp:attachment":[{"href":"https:\/\/capacitacaoeggp.vr.uff.br\/index.php?rest_route=%2Fwp%2Fv2%2Fmedia&parent=4478"}],"wp:term":[{"taxonomy":"category","embeddable":true,"href":"https:\/\/capacitacaoeggp.vr.uff.br\/index.php?rest_route=%2Fwp%2Fv2%2Fcategories&post=4478"},{"taxonomy":"post_tag","embeddable":true,"href":"https:\/\/capacitacaoeggp.vr.uff.br\/index.php?rest_route=%2Fwp%2Fv2%2Ftags&post=4478"}],"curies":[{"name":"wp","href":"https:\/\/api.w.org\/{rel}","templated":true}]}}