{"id":4483,"date":"2026-09-05T13:27:40","date_gmt":"2026-09-05T16:27:40","guid":{"rendered":"https:\/\/capacitacaoeggp.vr.uff.br\/?p=4483"},"modified":"2026-09-05T13:27:40","modified_gmt":"2026-09-05T16:27:40","slug":"curso-inteligencia-artificial-generativa-no-ensino-superior-novas-turmas","status":"publish","type":"post","link":"https:\/\/capacitacaoeggp.vr.uff.br\/?p=4483","title":{"rendered":"Curso Intelig\u00eancia Artificial Generativa no Ensino Superior &#8211; novas turmas"},"content":{"rendered":"\n<p class=\"has-text-align-justify has-black-color has-text-color\" style=\"font-size:17px\">A Escola de Governan\u00e7a em Gest\u00e3o P\u00fablica (EGGP\/PROGEPE) disponibiliza o curso <strong>Intelig\u00eancia Artificial Generativa no Ensino Superior<\/strong> destinado a servidores docentes em efetivo exerc\u00edcio na Universidade Federal Fluminense e a t\u00e9cnicos administrativos da institui\u00e7\u00e3o que exercem atividades de apoio pedag\u00f3gico.<\/p>\n\n\n\n<p class=\"has-text-align-justify has-black-color has-text-color\" style=\"font-size:17px\">O curso ser\u00e1 realizado de forma remota no per\u00edodo de <strong>05\/10 a 18\/11\/26<\/strong>, e ter\u00e1 carga hor\u00e1ria total de 60h, sendo 30h distribu\u00eddas em 15 encontros s\u00edncronos e outras 30h dedicadas \u00e0 realiza\u00e7\u00e3o de atividades ass\u00edncronas.<\/p>\n\n\n\n<p class=\"has-text-align-justify has-black-color has-text-color\" style=\"font-size:17px\">Ser\u00e3o ofertadas duas turmas, sendo a <strong>Turma 1 das 8h \u00e0s 10h<\/strong> e a <strong>Turma 2 das 10h30 \u00e0s 12h30<\/strong>. Os encontros s\u00edncronos acontecem nas <strong>segundas, quartas e sextas-feiras<\/strong>, nas seguintes datas: 05\/10, 07\/10, 09\/10, 14\/10, 16\/10, 19\/10, 21\/10, 26\/10, 30\/10, 04\/11, 06\/11, 09\/11, 13\/11, 16\/11 e 18\/11. As atividades ass\u00edncronas poder\u00e3o ser realizadas no hor\u00e1rio de prefer\u00eancia dos participantes.<\/p>\n\n\n\n<p class=\"has-text-align-justify has-black-color has-text-color\" style=\"font-size:17px\">Ser\u00e3o disponibilizadas 35 (trinta e cinco) vagas para cada turma e a oferta acontecer\u00e1 por meio da plataforma Google Classroom, com encontros s\u00edncronos realizados pelo Google Meet.<\/p>\n\n\n\n<p class=\"has-text-align-justify has-black-color has-text-color\" style=\"font-size:17px\">A inscri\u00e7\u00e3o para este curso pode ser realizada at\u00e9 o dia 25\/09\/2026, por meio do preenchimento e envio do formul\u00e1rio eletr\u00f4nico de inscri\u00e7\u00e3o. Para mais informa\u00e7\u00f5es, consulte os links abaixo:<\/p>\n\n\n\n<p class=\"has-black-color has-text-color\" style=\"font-size:17px\">Formul\u00e1rio de inscri\u00e7\u00e3o Turma 1, 08h \u00e0s 10h:\u00a0<a href=\"https:\/\/inscricoes.eggp.uff.br\/inscricao\/?id=17116\" target=\"_blank\" aria-label=\" (opens in a new tab)\" rel=\"noreferrer noopener\" class=\"ek-link\">https:\/\/inscricoes.eggp.uff.br\/inscricao\/?id=17116<\/a><\/p>\n\n\n\n<p class=\"has-black-color has-text-color\" style=\"font-size:17px\">Formul\u00e1rio de inscri\u00e7\u00e3o Turma 2, 10h30 \u00e0s 12h30:\u00a0<a href=\"https:\/\/inscricoes.eggp.uff.br\/inscricao\/?id=17117\" target=\"_blank\" aria-label=\" (opens in a new tab)\" rel=\"noreferrer noopener\" class=\"ek-link\">https:\/\/inscricoes.eggp.uff.br\/inscricao\/?id=17117<\/a><\/p>\n\n\n\n<p class=\"has-black-color has-text-color\" style=\"font-size:17px\">Regulamento do curso: <a href=\"https:\/\/docs.google.com\/document\/d\/16KCTkOaWjPKQOSUh3L5PGc_OQVDzYi95sv1uYJnzz3w\/edit?usp=sharing\" target=\"_blank\" aria-label=\" (opens in a new tab)\" rel=\"noreferrer noopener\" class=\"ek-link\">https:\/\/docs.google.com\/document\/d\/16KCTkOaWjPKQOSUh3L5PGc_OQVDzYi95sv1uYJnzz3w\/edit?usp=sharing<\/a>\u00a0<\/p>\n\n\n\n<p class=\"has-black-color has-text-color\" style=\"font-size:17px\">Plano de curso: <a href=\"https:\/\/drive.google.com\/file\/d\/1WF8GO9Scf9Jab4X2GMsKHHSX9bg4IzUH\/view?usp=sharing\" target=\"_blank\" aria-label=\" (opens in a new tab)\" rel=\"noreferrer noopener\" class=\"ek-link\">https:\/\/drive.google.com\/file\/d\/1WF8GO9Scf9Jab4X2GMsKHHSX9bg4IzUH\/view?usp=sharing<\/a>\u00a0\u00a0<\/p>\n","protected":false},"excerpt":{"rendered":"<p>A Escola de Governan\u00e7a em Gest\u00e3o P\u00fablica (EGGP\/PROGEPE) disponibiliza o curso Intelig\u00eancia Artificial Generativa no Ensino Superior destinado a servidores docentes em efetivo exerc\u00edcio na Universidade Federal Fluminense e a t\u00e9cnicos administrativos da institui\u00e7\u00e3o que exercem atividades de apoio pedag\u00f3gico. O curso ser\u00e1 realizado de forma remota no per\u00edodo de 05\/10 a 18\/11\/26, e ter\u00e1&hellip;<\/p>\n","protected":false},"author":6,"featured_media":0,"comment_status":"open","ping_status":"open","sticky":false,"template":"","format":"standard","meta":{"_editorskit_title_hidden":false,"_editorskit_reading_time":0,"_editorskit_is_block_options_detached":false,"_editorskit_block_options_position":"{}","_monsterinsights_skip_tracking":false},"categories":[1],"tags":[],"gutentor_comment":0,"_links":{"self":[{"href":"https:\/\/capacitacaoeggp.vr.uff.br\/index.php?rest_route=\/wp\/v2\/posts\/4483"}],"collection":[{"href":"https:\/\/capacitacaoeggp.vr.uff.br\/index.php?rest_route=\/wp\/v2\/posts"}],"about":[{"href":"https:\/\/capacitacaoeggp.vr.uff.br\/index.php?rest_route=\/wp\/v2\/types\/post"}],"author":[{"embeddable":true,"href":"https:\/\/capacitacaoeggp.vr.uff.br\/index.php?rest_route=\/wp\/v2\/users\/6"}],"replies":[{"embeddable":true,"href":"https:\/\/capacitacaoeggp.vr.uff.br\/index.php?rest_route=%2Fwp%2Fv2%2Fcomments&post=4483"}],"version-history":[{"count":1,"href":"https:\/\/capacitacaoeggp.vr.uff.br\/index.php?rest_route=\/wp\/v2\/posts\/4483\/revisions"}],"predecessor-version":[{"id":4484,"href":"https:\/\/capacitacaoeggp.vr.uff.br\/index.php?rest_route=\/wp\/v2\/posts\/4483\/revisions\/4484"}],"wp:attachment":[{"href":"https:\/\/capacitacaoeggp.vr.uff.br\/index.php?rest_route=%2Fwp%2Fv2%2Fmedia&parent=4483"}],"wp:term":[{"taxonomy":"category","embeddable":true,"href":"https:\/\/capacitacaoeggp.vr.uff.br\/index.php?rest_route=%2Fwp%2Fv2%2Fcategories&post=4483"},{"taxonomy":"post_tag","embeddable":true,"href":"https:\/\/capacitacaoeggp.vr.uff.br\/index.php?rest_route=%2Fwp%2Fv2%2Ftags&post=4483"}],"curies":[{"name":"wp","href":"https:\/\/api.w.org\/{rel}","templated":true}]}}